{"id":979,"date":"2012-11-21T06:29:57","date_gmt":"2012-11-21T05:29:57","guid":{"rendered":"https:\/\/www.comitenervo.fr\/?p=979"},"modified":"2012-11-26T22:04:36","modified_gmt":"2012-11-26T21:04:36","slug":"reunion-avec-le-gedas","status":"publish","type":"post","link":"https:\/\/www.comitenervo.fr\/?p=979","title":{"rendered":"REUNION  AVEC LE  \u00ab\u00a0GEDAS\u00a0\u00bb."},"content":{"rendered":"<p>Ce samedi 17 novembre 2012, Daniel Wuilbeaux et Daniel Zaich ont particip\u00e9 \u00e0 l&rsquo;assembl\u00e9e g\u00e9n\u00e9rale du GEDAS.<\/p>\n<p>Le GEDAS, c&rsquo;est le \u00ab\u00a0groupement d&#8217;employeur pour le d\u00e9veloppement des associations solidaires\u00a0\u00bb.<\/p>\n<p>Le GEDAS permet \u00e0 des associations comme la n\u00f4tre de disposer d&rsquo;un comptable, de participer \u00e0 des formations (comptabilit\u00e9,responsabilit\u00e9s des associations, animation).<\/p>\n<div id=\"attachment_980\" style=\"width: 310px\" class=\"wp-caption aligncenter\"><a href=\"https:\/\/www.comitenervo.fr\/wp-content\/uploads\/2012\/11\/P1000044.jpg\"><img loading=\"lazy\" decoding=\"async\" aria-describedby=\"caption-attachment-980\" class=\"size-medium wp-image-980\" title=\"P1000044\" src=\"https:\/\/www.comitenervo.fr\/wp-content\/uploads\/2012\/11\/P1000044-300x225.jpg\" alt=\"\" width=\"300\" height=\"225\" srcset=\"https:\/\/www.comitenervo.fr\/wp-content\/uploads\/2012\/11\/P1000044-300x225.jpg 300w, https:\/\/www.comitenervo.fr\/wp-content\/uploads\/2012\/11\/P1000044-150x112.jpg 150w, https:\/\/www.comitenervo.fr\/wp-content\/uploads\/2012\/11\/P1000044-400x300.jpg 400w, https:\/\/www.comitenervo.fr\/wp-content\/uploads\/2012\/11\/P1000044.jpg 640w\" sizes=\"auto, (max-width: 300px) 100vw, 300px\" \/><\/a><p id=\"caption-attachment-980\" class=\"wp-caption-text\">Les repr\u00e9sentants des associations en r\u00e9union.<\/p><\/div>\n<p>formations<\/p>\n","protected":false},"excerpt":{"rendered":"<p>Ce samedi 17 novembre 2012, Daniel Wuilbeaux et Daniel Zaich ont particip\u00e9 \u00e0 l&rsquo;assembl\u00e9e g\u00e9n\u00e9rale du GEDAS. Le GEDAS, c&rsquo;est le \u00ab\u00a0groupement d&#8217;employeur pour le d\u00e9veloppement des associations solidaires\u00a0\u00bb. Le GEDAS permet \u00e0 des associations comme la n\u00f4tre de disposer &hellip; <a href=\"https:\/\/www.comitenervo.fr\/?p=979\">Continuer la lecture <span class=\"meta-nav\">&rarr;<\/span><\/a><\/p>\n","protected":false},"author":2,"featured_media":0,"comment_status":"open","ping_status":"open","sticky":false,"template":"","format":"standard","meta":{"_monsterinsights_skip_tracking":false,"_monsterinsights_sitenote_active":false,"_monsterinsights_sitenote_note":"","_monsterinsights_sitenote_category":0,"ngg_post_thumbnail":0,"footnotes":""},"categories":[6],"tags":[],"class_list":["post-979","post","type-post","status-publish","format-standard","hentry","category-vie-de-la-cite"],"_links":{"self":[{"href":"https:\/\/www.comitenervo.fr\/index.php?rest_route=\/wp\/v2\/posts\/979","targetHints":{"allow":["GET"]}}],"collection":[{"href":"https:\/\/www.comitenervo.fr\/index.php?rest_route=\/wp\/v2\/posts"}],"about":[{"href":"https:\/\/www.comitenervo.fr\/index.php?rest_route=\/wp\/v2\/types\/post"}],"author":[{"embeddable":true,"href":"https:\/\/www.comitenervo.fr\/index.php?rest_route=\/wp\/v2\/users\/2"}],"replies":[{"embeddable":true,"href":"https:\/\/www.comitenervo.fr\/index.php?rest_route=%2Fwp%2Fv2%2Fcomments&post=979"}],"version-history":[{"count":5,"href":"https:\/\/www.comitenervo.fr\/index.php?rest_route=\/wp\/v2\/posts\/979\/revisions"}],"predecessor-version":[{"id":997,"href":"https:\/\/www.comitenervo.fr\/index.php?rest_route=\/wp\/v2\/posts\/979\/revisions\/997"}],"wp:attachment":[{"href":"https:\/\/www.comitenervo.fr\/index.php?rest_route=%2Fwp%2Fv2%2Fmedia&parent=979"}],"wp:term":[{"taxonomy":"category","embeddable":true,"href":"https:\/\/www.comitenervo.fr\/index.php?rest_route=%2Fwp%2Fv2%2Fcategories&post=979"},{"taxonomy":"post_tag","embeddable":true,"href":"https:\/\/www.comitenervo.fr\/index.php?rest_route=%2Fwp%2Fv2%2Ftags&post=979"}],"curies":[{"name":"wp","href":"https:\/\/api.w.org\/{rel}","templated":true}]}}