{"id":972,"date":"2012-11-14T09:38:43","date_gmt":"2012-11-14T08:38:43","guid":{"rendered":"https:\/\/www.comitenervo.fr\/?p=972"},"modified":"2012-11-26T22:04:49","modified_gmt":"2012-11-26T21:04:49","slug":"excursion-au-marche-de-noel-de-reims","status":"publish","type":"post","link":"https:\/\/www.comitenervo.fr\/?p=972","title":{"rendered":"EXCURSION  AU  MARCHE DE  NO\u00cbL  DE  REIMS"},"content":{"rendered":"<p>Cette ann\u00e9e, c&rsquo;est\u00a0\u00a0 le march\u00e9 de no\u00ebl de Reims qui a \u00e9t\u00e9 choisi pour le traditionnel voyage de d\u00e9cembre.<\/p>\n<p>Une visite de cave est pr\u00e9vue ce dimanche 16 d\u00e9cembre 2012.<\/p>\n<p>Les personnes int\u00e9ress\u00e9es ,par cette excursion,pourront d\u00e9poser leurs bulletins d&rsquo;inscriptions<\/p>\n<div id=\"attachment_974\" style=\"width: 225px\" class=\"wp-caption alignright\"><a href=\"https:\/\/www.comitenervo.fr\/wp-content\/uploads\/2012\/11\/reims20121.jpg\"><img loading=\"lazy\" decoding=\"async\" aria-describedby=\"caption-attachment-974\" class=\"size-medium wp-image-974\" title=\"reims2012\" src=\"https:\/\/www.comitenervo.fr\/wp-content\/uploads\/2012\/11\/reims20121-215x300.jpg\" alt=\"\" width=\"215\" height=\"300\" srcset=\"https:\/\/www.comitenervo.fr\/wp-content\/uploads\/2012\/11\/reims20121-215x300.jpg 215w, https:\/\/www.comitenervo.fr\/wp-content\/uploads\/2012\/11\/reims20121-735x1024.jpg 735w, https:\/\/www.comitenervo.fr\/wp-content\/uploads\/2012\/11\/reims20121-107x150.jpg 107w, https:\/\/www.comitenervo.fr\/wp-content\/uploads\/2012\/11\/reims20121-400x556.jpg 400w, https:\/\/www.comitenervo.fr\/wp-content\/uploads\/2012\/11\/reims20121.jpg 816w\" sizes=\"auto, (max-width: 215px) 100vw, 215px\" \/><\/a><p id=\"caption-attachment-974\" class=\"wp-caption-text\">Bulletin d&rsquo;inscription.<\/p><\/div>\n<p>d\u00e9s lundi 19 novembre aux 24 ou 23 all\u00e9e Nervo.<\/p>\n","protected":false},"excerpt":{"rendered":"<p>Cette ann\u00e9e, c&rsquo;est\u00a0\u00a0 le march\u00e9 de no\u00ebl de Reims qui a \u00e9t\u00e9 choisi pour le traditionnel voyage de d\u00e9cembre. Une visite de cave est pr\u00e9vue ce dimanche 16 d\u00e9cembre 2012. Les personnes int\u00e9ress\u00e9es ,par cette excursion,pourront d\u00e9poser leurs bulletins d&rsquo;inscriptions &hellip; <a href=\"https:\/\/www.comitenervo.fr\/?p=972\">Continuer la lecture <span class=\"meta-nav\">&rarr;<\/span><\/a><\/p>\n","protected":false},"author":2,"featured_media":0,"comment_status":"open","ping_status":"open","sticky":false,"template":"","format":"standard","meta":{"_monsterinsights_skip_tracking":false,"_monsterinsights_sitenote_active":false,"_monsterinsights_sitenote_note":"","_monsterinsights_sitenote_category":0,"ngg_post_thumbnail":0,"footnotes":""},"categories":[9,3,8],"tags":[],"class_list":["post-972","post","type-post","status-publish","format-standard","hentry","category-evenement","category-nouveaute","category-voyage"],"_links":{"self":[{"href":"https:\/\/www.comitenervo.fr\/index.php?rest_route=\/wp\/v2\/posts\/972","targetHints":{"allow":["GET"]}}],"collection":[{"href":"https:\/\/www.comitenervo.fr\/index.php?rest_route=\/wp\/v2\/posts"}],"about":[{"href":"https:\/\/www.comitenervo.fr\/index.php?rest_route=\/wp\/v2\/types\/post"}],"author":[{"embeddable":true,"href":"https:\/\/www.comitenervo.fr\/index.php?rest_route=\/wp\/v2\/users\/2"}],"replies":[{"embeddable":true,"href":"https:\/\/www.comitenervo.fr\/index.php?rest_route=%2Fwp%2Fv2%2Fcomments&post=972"}],"version-history":[{"count":4,"href":"https:\/\/www.comitenervo.fr\/index.php?rest_route=\/wp\/v2\/posts\/972\/revisions"}],"predecessor-version":[{"id":977,"href":"https:\/\/www.comitenervo.fr\/index.php?rest_route=\/wp\/v2\/posts\/972\/revisions\/977"}],"wp:attachment":[{"href":"https:\/\/www.comitenervo.fr\/index.php?rest_route=%2Fwp%2Fv2%2Fmedia&parent=972"}],"wp:term":[{"taxonomy":"category","embeddable":true,"href":"https:\/\/www.comitenervo.fr\/index.php?rest_route=%2Fwp%2Fv2%2Fcategories&post=972"},{"taxonomy":"post_tag","embeddable":true,"href":"https:\/\/www.comitenervo.fr\/index.php?rest_route=%2Fwp%2Fv2%2Ftags&post=972"}],"curies":[{"name":"wp","href":"https:\/\/api.w.org\/{rel}","templated":true}]}}