{"id":954,"date":"2012-11-09T18:57:43","date_gmt":"2012-11-09T17:57:43","guid":{"rendered":"https:\/\/www.comitenervo.fr\/?p=954"},"modified":"2012-11-26T22:05:33","modified_gmt":"2012-11-26T21:05:33","slug":"le-comite-en-reunion","status":"publish","type":"post","link":"https:\/\/www.comitenervo.fr\/?p=954","title":{"rendered":"LE COMITE EN REUNION"},"content":{"rendered":"<p>Le comit\u00e9, pr\u00e9sid\u00e9 par Daniel Wuilbeaux,\u00a0 se r\u00e9unit le premier mercredi de chaque mois \u00e0 la salle D\u00e9ruelle.<\/p>\n<p>L&rsquo;\u00e9tat de la comptabilit\u00e9, la pr\u00e9paration des manifestations , les questions diverses, sont \u00e0 l&rsquo;ordre du jour de ces r\u00e9unions.<\/p>\n<p>Enfin, le secr\u00e9taire Jos\u00e9 Simon, r\u00e9dige un compte-rendu ,qui est pr\u00e9sent\u00e9 lors de la r\u00e9union suivante.<\/p>\n<p>On se croirait \u00e0 une r\u00e9union de conseil municipal !!!!!!!!!!!!!<\/p>\n<p>&nbsp;<\/p>\n<div id=\"attachment_955\" style=\"width: 310px\" class=\"wp-caption aligncenter\"><a href=\"https:\/\/www.comitenervo.fr\/wp-content\/uploads\/2012\/11\/P1000029.jpg\"><img loading=\"lazy\" decoding=\"async\" aria-describedby=\"caption-attachment-955\" class=\"size-medium wp-image-955\" title=\"P1000029\" src=\"https:\/\/www.comitenervo.fr\/wp-content\/uploads\/2012\/11\/P1000029-300x225.jpg\" alt=\"\" width=\"300\" height=\"225\" srcset=\"https:\/\/www.comitenervo.fr\/wp-content\/uploads\/2012\/11\/P1000029-300x225.jpg 300w, https:\/\/www.comitenervo.fr\/wp-content\/uploads\/2012\/11\/P1000029-150x112.jpg 150w, https:\/\/www.comitenervo.fr\/wp-content\/uploads\/2012\/11\/P1000029-400x300.jpg 400w, https:\/\/www.comitenervo.fr\/wp-content\/uploads\/2012\/11\/P1000029.jpg 640w\" sizes=\"auto, (max-width: 300px) 100vw, 300px\" \/><\/a><p id=\"caption-attachment-955\" class=\"wp-caption-text\">La r\u00e9union du 7 novembre 2012<\/p><\/div>\n<p>&nbsp;<\/p>\n","protected":false},"excerpt":{"rendered":"<p>Le comit\u00e9, pr\u00e9sid\u00e9 par Daniel Wuilbeaux,\u00a0 se r\u00e9unit le premier mercredi de chaque mois \u00e0 la salle D\u00e9ruelle. L&rsquo;\u00e9tat de la comptabilit\u00e9, la pr\u00e9paration des manifestations , les questions diverses, sont \u00e0 l&rsquo;ordre du jour de ces r\u00e9unions. Enfin, le &hellip; <a href=\"https:\/\/www.comitenervo.fr\/?p=954\">Continuer la lecture <span class=\"meta-nav\">&rarr;<\/span><\/a><\/p>\n","protected":false},"author":2,"featured_media":0,"comment_status":"open","ping_status":"open","sticky":false,"template":"","format":"standard","meta":{"_monsterinsights_skip_tracking":false,"_monsterinsights_sitenote_active":false,"_monsterinsights_sitenote_note":"","_monsterinsights_sitenote_category":0,"ngg_post_thumbnail":0,"footnotes":""},"categories":[6],"tags":[],"class_list":["post-954","post","type-post","status-publish","format-standard","hentry","category-vie-de-la-cite"],"_links":{"self":[{"href":"https:\/\/www.comitenervo.fr\/index.php?rest_route=\/wp\/v2\/posts\/954","targetHints":{"allow":["GET"]}}],"collection":[{"href":"https:\/\/www.comitenervo.fr\/index.php?rest_route=\/wp\/v2\/posts"}],"about":[{"href":"https:\/\/www.comitenervo.fr\/index.php?rest_route=\/wp\/v2\/types\/post"}],"author":[{"embeddable":true,"href":"https:\/\/www.comitenervo.fr\/index.php?rest_route=\/wp\/v2\/users\/2"}],"replies":[{"embeddable":true,"href":"https:\/\/www.comitenervo.fr\/index.php?rest_route=%2Fwp%2Fv2%2Fcomments&post=954"}],"version-history":[{"count":9,"href":"https:\/\/www.comitenervo.fr\/index.php?rest_route=\/wp\/v2\/posts\/954\/revisions"}],"predecessor-version":[{"id":963,"href":"https:\/\/www.comitenervo.fr\/index.php?rest_route=\/wp\/v2\/posts\/954\/revisions\/963"}],"wp:attachment":[{"href":"https:\/\/www.comitenervo.fr\/index.php?rest_route=%2Fwp%2Fv2%2Fmedia&parent=954"}],"wp:term":[{"taxonomy":"category","embeddable":true,"href":"https:\/\/www.comitenervo.fr\/index.php?rest_route=%2Fwp%2Fv2%2Fcategories&post=954"},{"taxonomy":"post_tag","embeddable":true,"href":"https:\/\/www.comitenervo.fr\/index.php?rest_route=%2Fwp%2Fv2%2Ftags&post=954"}],"curies":[{"name":"wp","href":"https:\/\/api.w.org\/{rel}","templated":true}]}}