{"id":95,"date":"2011-10-20T12:30:15","date_gmt":"2011-10-20T10:30:15","guid":{"rendered":"https:\/\/www.comitenervo.fr\/?p=95"},"modified":"2011-10-26T09:53:00","modified_gmt":"2011-10-26T07:53:00","slug":"reception-des-aines-dans-les-annees-50","status":"publish","type":"post","link":"https:\/\/www.comitenervo.fr\/?p=95","title":{"rendered":"R\u00e9ception des a\u00een\u00e9s &#8230;&#8230;&#8230;&#8230;.dans les ann\u00e9es 50 !!!!!!."},"content":{"rendered":"<p>Un comit\u00e9 de quartier existait d\u00e9j\u00e0 dans les ann\u00e9es 50.<\/p>\n<p>On reconnait sur les photos :<\/p>\n<p>Mmes Torchala,\u00a0 Palka,\u00a0 Zaich, Herbin, Maes, Hauez et<\/p>\n<p>Mrs Succi(ancien maire d&rsquo;Haveluy), Mantani, Lespi\u00e9gle, Alekowski, Lecocq, Carrez,Soldera<\/p>\n<p><a href=\"https:\/\/www.comitenervo.fr\/wp-content\/uploads\/2011\/08\/Anciens_1.bmp\"><img loading=\"lazy\" decoding=\"async\" class=\"aligncenter size-full wp-image-99\" title=\"Anciens_1\" src=\"https:\/\/www.comitenervo.fr\/wp-content\/uploads\/2011\/08\/Anciens_1.bmp\" alt=\"\" width=\"349\" height=\"237\" \/><\/a>Ce comit\u00e9 \u00e9tait\u00a0 d\u00e9j\u00e0 tr\u00e8s actif avec l&rsquo;organisation d&rsquo;un bal \u00ab\u00a0volant \u00ab\u00a0, une petite ducasse et des jeux pour les enfants.<\/p>\n<p><a href=\"https:\/\/www.comitenervo.fr\/wp-content\/uploads\/2011\/08\/Anciens_2.bmp\"><img loading=\"lazy\" decoding=\"async\" class=\"aligncenter size-full wp-image-100\" title=\"Anciens_2\" src=\"https:\/\/www.comitenervo.fr\/wp-content\/uploads\/2011\/08\/Anciens_2.bmp\" alt=\"\" width=\"457\" height=\"357\" \/><\/a>si parmi les lecteurs de ce site,certains reconnaissent des parents ou amis ,n&rsquo;h\u00e9sitez pas \u00e0 nous contacter.<\/p>\n<p>Merci d&rsquo;avance<\/p>\n","protected":false},"excerpt":{"rendered":"<p>Un comit\u00e9 de quartier existait d\u00e9j\u00e0 dans les ann\u00e9es 50. On reconnait sur les photos : Mmes Torchala,\u00a0 Palka,\u00a0 Zaich, Herbin, Maes, Hauez et Mrs Succi(ancien maire d&rsquo;Haveluy), Mantani, Lespi\u00e9gle, Alekowski, Lecocq, Carrez,Soldera Ce comit\u00e9 \u00e9tait\u00a0 d\u00e9j\u00e0 tr\u00e8s actif avec &hellip; <a href=\"https:\/\/www.comitenervo.fr\/?p=95\">Continuer la lecture <span class=\"meta-nav\">&rarr;<\/span><\/a><\/p>\n","protected":false},"author":1,"featured_media":0,"comment_status":"open","ping_status":"open","sticky":false,"template":"","format":"standard","meta":{"_monsterinsights_skip_tracking":false,"_monsterinsights_sitenote_active":false,"_monsterinsights_sitenote_note":"","_monsterinsights_sitenote_category":0,"ngg_post_thumbnail":0,"footnotes":""},"categories":[7],"tags":[],"class_list":["post-95","post","type-post","status-publish","format-standard","hentry","category-anciens-de-la-cite"],"_links":{"self":[{"href":"https:\/\/www.comitenervo.fr\/index.php?rest_route=\/wp\/v2\/posts\/95","targetHints":{"allow":["GET"]}}],"collection":[{"href":"https:\/\/www.comitenervo.fr\/index.php?rest_route=\/wp\/v2\/posts"}],"about":[{"href":"https:\/\/www.comitenervo.fr\/index.php?rest_route=\/wp\/v2\/types\/post"}],"author":[{"embeddable":true,"href":"https:\/\/www.comitenervo.fr\/index.php?rest_route=\/wp\/v2\/users\/1"}],"replies":[{"embeddable":true,"href":"https:\/\/www.comitenervo.fr\/index.php?rest_route=%2Fwp%2Fv2%2Fcomments&post=95"}],"version-history":[{"count":9,"href":"https:\/\/www.comitenervo.fr\/index.php?rest_route=\/wp\/v2\/posts\/95\/revisions"}],"predecessor-version":[{"id":1299,"href":"https:\/\/www.comitenervo.fr\/index.php?rest_route=\/wp\/v2\/posts\/95\/revisions\/1299"}],"wp:attachment":[{"href":"https:\/\/www.comitenervo.fr\/index.php?rest_route=%2Fwp%2Fv2%2Fmedia&parent=95"}],"wp:term":[{"taxonomy":"category","embeddable":true,"href":"https:\/\/www.comitenervo.fr\/index.php?rest_route=%2Fwp%2Fv2%2Fcategories&post=95"},{"taxonomy":"post_tag","embeddable":true,"href":"https:\/\/www.comitenervo.fr\/index.php?rest_route=%2Fwp%2Fv2%2Ftags&post=95"}],"curies":[{"name":"wp","href":"https:\/\/api.w.org\/{rel}","templated":true}]}}