{"id":8802,"date":"2026-01-08T12:06:17","date_gmt":"2026-01-08T11:06:17","guid":{"rendered":"https:\/\/www.comitenervo.fr\/?p=8802"},"modified":"2026-01-08T12:06:17","modified_gmt":"2026-01-08T11:06:17","slug":"salut-marc","status":"publish","type":"post","link":"https:\/\/www.comitenervo.fr\/?p=8802","title":{"rendered":"SALUT MARC."},"content":{"rendered":"<p>Marc Fassin avait d\u00e9m\u00e9nag\u00e9 il y a quelques ann\u00e9es pour habiter la rue Copin \u00e0 Lourches.<\/p>\n<p>Il avait \u00e9t\u00e9 membre du comit\u00e9 Nervo , r\u00e9serv\u00e9 et&nbsp; toujours disponible, c&rsquo;est lui qui a r\u00e9alis\u00e9 la guirlande pos\u00e9e pendant les f\u00eates de fin d&rsquo;ann\u00e9e \u00e0 l&rsquo;entr\u00e9e de la cit\u00e9.<\/p>\n<p>C&rsquo;\u00e9tait un bricoleur \u00ab\u00a0hors-pair\u00a0\u00bb, il savait tout faire, soudure, menuiserie, \u00e9lectricit\u00e9 : le man\u00e8ge qu&rsquo;il avait fabriqu\u00e9 \u00e0 l&rsquo;occasion du concours des maisons illumin\u00e9es, \u00e9tait remarquable d&rsquo;ing\u00e9niosit\u00e9.<\/p>\n<p>Nous garderons le souvenir&nbsp; d&rsquo;une personne sociable, discr\u00e8te \u00e0 qui l&rsquo;on pouvait toujours demander un service.<\/p>\n<p>Sinc\u00e8res condol\u00e9ances \u00e0 toute sa famille.<\/p>\n<div id=\"attachment_8804\" style=\"width: 160px\" class=\"wp-caption alignleft\"><a href=\"https:\/\/www.comitenervo.fr\/wp-content\/uploads\/2026\/01\/marcclaud.jpg\"><img loading=\"lazy\" decoding=\"async\" aria-describedby=\"caption-attachment-8804\" class=\"size-thumbnail wp-image-8804\" src=\"https:\/\/www.comitenervo.fr\/wp-content\/uploads\/2026\/01\/marcclaud-150x150.jpg\" alt=\"\" width=\"150\" height=\"150\"><\/a><p id=\"caption-attachment-8804\" class=\"wp-caption-text\">Marc et Claudine&nbsp;<\/p><\/div>\n<div id=\"attachment_8805\" style=\"width: 160px\" class=\"wp-caption alignright\"><a href=\"https:\/\/www.comitenervo.fr\/wp-content\/uploads\/2026\/01\/marcguir-scaled.jpg\"><img loading=\"lazy\" decoding=\"async\" aria-describedby=\"caption-attachment-8805\" class=\"size-thumbnail wp-image-8805\" src=\"https:\/\/www.comitenervo.fr\/wp-content\/uploads\/2026\/01\/marcguir-150x150.jpg\" alt=\"\" width=\"150\" height=\"150\" srcset=\"https:\/\/www.comitenervo.fr\/wp-content\/uploads\/2026\/01\/marcguir-150x150.jpg 150w, https:\/\/www.comitenervo.fr\/wp-content\/uploads\/2026\/01\/marcguir-300x300.jpg 300w, https:\/\/www.comitenervo.fr\/wp-content\/uploads\/2026\/01\/marcguir-1024x1024.jpg 1024w, https:\/\/www.comitenervo.fr\/wp-content\/uploads\/2026\/01\/marcguir-768x768.jpg 768w, https:\/\/www.comitenervo.fr\/wp-content\/uploads\/2026\/01\/marcguir-1536x1536.jpg 1536w, https:\/\/www.comitenervo.fr\/wp-content\/uploads\/2026\/01\/marcguir-2048x2048.jpg 2048w\" sizes=\"auto, (max-width: 150px) 100vw, 150px\" \/><\/a><p id=\"caption-attachment-8805\" class=\"wp-caption-text\">La guirlande fabriqu\u00e9e par Marc<\/p><\/div>\n","protected":false},"excerpt":{"rendered":"<p>Marc Fassin avait d\u00e9m\u00e9nag\u00e9 il y a quelques ann\u00e9es pour habiter la rue Copin \u00e0 Lourches. Il avait \u00e9t\u00e9 membre du comit\u00e9 Nervo , r\u00e9serv\u00e9 et&nbsp; toujours disponible, c&rsquo;est lui qui a r\u00e9alis\u00e9 la guirlande pos\u00e9e pendant les f\u00eates de &hellip; <a href=\"https:\/\/www.comitenervo.fr\/?p=8802\">Continuer la lecture <span class=\"meta-nav\">&rarr;<\/span><\/a><\/p>\n","protected":false},"author":2,"featured_media":0,"comment_status":"open","ping_status":"open","sticky":false,"template":"","format":"standard","meta":{"_monsterinsights_skip_tracking":false,"_monsterinsights_sitenote_active":false,"_monsterinsights_sitenote_note":"","_monsterinsights_sitenote_category":0,"ngg_post_thumbnail":0,"footnotes":""},"categories":[3],"tags":[],"class_list":["post-8802","post","type-post","status-publish","format-standard","hentry","category-nouveaute"],"_links":{"self":[{"href":"https:\/\/www.comitenervo.fr\/index.php?rest_route=\/wp\/v2\/posts\/8802","targetHints":{"allow":["GET"]}}],"collection":[{"href":"https:\/\/www.comitenervo.fr\/index.php?rest_route=\/wp\/v2\/posts"}],"about":[{"href":"https:\/\/www.comitenervo.fr\/index.php?rest_route=\/wp\/v2\/types\/post"}],"author":[{"embeddable":true,"href":"https:\/\/www.comitenervo.fr\/index.php?rest_route=\/wp\/v2\/users\/2"}],"replies":[{"embeddable":true,"href":"https:\/\/www.comitenervo.fr\/index.php?rest_route=%2Fwp%2Fv2%2Fcomments&post=8802"}],"version-history":[{"count":3,"href":"https:\/\/www.comitenervo.fr\/index.php?rest_route=\/wp\/v2\/posts\/8802\/revisions"}],"predecessor-version":[{"id":8808,"href":"https:\/\/www.comitenervo.fr\/index.php?rest_route=\/wp\/v2\/posts\/8802\/revisions\/8808"}],"wp:attachment":[{"href":"https:\/\/www.comitenervo.fr\/index.php?rest_route=%2Fwp%2Fv2%2Fmedia&parent=8802"}],"wp:term":[{"taxonomy":"category","embeddable":true,"href":"https:\/\/www.comitenervo.fr\/index.php?rest_route=%2Fwp%2Fv2%2Fcategories&post=8802"},{"taxonomy":"post_tag","embeddable":true,"href":"https:\/\/www.comitenervo.fr\/index.php?rest_route=%2Fwp%2Fv2%2Ftags&post=8802"}],"curies":[{"name":"wp","href":"https:\/\/api.w.org\/{rel}","templated":true}]}}