{"id":8771,"date":"2025-11-02T15:46:46","date_gmt":"2025-11-02T14:46:46","guid":{"rendered":"https:\/\/www.comitenervo.fr\/?p=8771"},"modified":"2025-11-02T15:54:22","modified_gmt":"2025-11-02T14:54:22","slug":"deces-de-daniel-lefebvre","status":"publish","type":"post","link":"https:\/\/www.comitenervo.fr\/?p=8771","title":{"rendered":"DECES DE DANIEL LEFEBVRE."},"content":{"rendered":"<p>Daniel Lefebvre \u00e9tait membre du comit\u00e9 des f\u00eates de la cit\u00e9 Nervo depuis plusieurs ann\u00e9es.<\/p>\n<p>Sa disponibilit\u00e9, sa gentillesse, sa bonhomie naturelle, sa passion pour le jardin faisaient de lui un \u00e9l\u00e9ment incontournable de l&rsquo;association.<\/p>\n<p>Toujours souriant, sa derni\u00e8re photo lors du th\u00e9 dansant des a\u00een\u00e9s en novembre 2023 restera dans nos m\u00e9moires.<\/p>\n<p>Sinc\u00e8res condol\u00e9ances \u00e0 toute la famille.<\/p>\n<p><a href=\"https:\/\/www.comitenervo.fr\/wp-content\/uploads\/2025\/11\/danfarand-rotated.jpg\"><img loading=\"lazy\" decoding=\"async\" class=\"alignleft size-thumbnail wp-image-8778\" src=\"https:\/\/www.comitenervo.fr\/wp-content\/uploads\/2025\/11\/danfarand-150x150.jpg\" alt=\"\" width=\"150\" height=\"150\"><\/a><\/p>\n<p><a href=\"https:\/\/www.comitenervo.fr\/wp-content\/uploads\/2025\/11\/DANIELJARDIN-rotated.jpg\"><img loading=\"lazy\" decoding=\"async\" class=\"size-thumbnail wp-image-8773 alignright\" src=\"https:\/\/www.comitenervo.fr\/wp-content\/uploads\/2025\/11\/DANIELJARDIN-150x150.jpg\" alt=\"\" width=\"150\" height=\"150\"><\/a><a href=\"https:\/\/www.comitenervo.fr\/wp-content\/uploads\/2025\/11\/DANIELCLAUD-rotated.jpg\"><img loading=\"lazy\" decoding=\"async\" class=\"size-thumbnail wp-image-8774 aligncenter\" src=\"https:\/\/www.comitenervo.fr\/wp-content\/uploads\/2025\/11\/DANIELCLAUD-150x150.jpg\" alt=\"\" width=\"150\" height=\"150\"><\/a><a href=\"https:\/\/www.comitenervo.fr\/wp-content\/uploads\/2025\/11\/dl.jpg\"><img loading=\"lazy\" decoding=\"async\" class=\"alignright wp-image-8775\" src=\"https:\/\/www.comitenervo.fr\/wp-content\/uploads\/2025\/11\/dl-150x150.jpg\" alt=\"\" width=\"153\" height=\"153\"><\/a><a href=\"https:\/\/www.comitenervo.fr\/wp-content\/uploads\/2025\/11\/scandaniel-rotated.jpg\"><img loading=\"lazy\" decoding=\"async\" class=\"alignleft size-thumbnail wp-image-8772\" src=\"https:\/\/www.comitenervo.fr\/wp-content\/uploads\/2025\/11\/scandaniel-150x150.jpg\" alt=\"\" width=\"150\" height=\"150\"><\/a><\/p>\n","protected":false},"excerpt":{"rendered":"<p>Daniel Lefebvre \u00e9tait membre du comit\u00e9 des f\u00eates de la cit\u00e9 Nervo depuis plusieurs ann\u00e9es. Sa disponibilit\u00e9, sa gentillesse, sa bonhomie naturelle, sa passion pour le jardin faisaient de lui un \u00e9l\u00e9ment incontournable de l&rsquo;association. Toujours souriant, sa derni\u00e8re photo &hellip; <a href=\"https:\/\/www.comitenervo.fr\/?p=8771\">Continuer la lecture <span class=\"meta-nav\">&rarr;<\/span><\/a><\/p>\n","protected":false},"author":2,"featured_media":0,"comment_status":"open","ping_status":"open","sticky":false,"template":"","format":"standard","meta":{"_monsterinsights_skip_tracking":false,"_monsterinsights_sitenote_active":false,"_monsterinsights_sitenote_note":"","_monsterinsights_sitenote_category":0,"ngg_post_thumbnail":0,"footnotes":""},"categories":[3],"tags":[],"class_list":["post-8771","post","type-post","status-publish","format-standard","hentry","category-nouveaute"],"_links":{"self":[{"href":"https:\/\/www.comitenervo.fr\/index.php?rest_route=\/wp\/v2\/posts\/8771","targetHints":{"allow":["GET"]}}],"collection":[{"href":"https:\/\/www.comitenervo.fr\/index.php?rest_route=\/wp\/v2\/posts"}],"about":[{"href":"https:\/\/www.comitenervo.fr\/index.php?rest_route=\/wp\/v2\/types\/post"}],"author":[{"embeddable":true,"href":"https:\/\/www.comitenervo.fr\/index.php?rest_route=\/wp\/v2\/users\/2"}],"replies":[{"embeddable":true,"href":"https:\/\/www.comitenervo.fr\/index.php?rest_route=%2Fwp%2Fv2%2Fcomments&post=8771"}],"version-history":[{"count":4,"href":"https:\/\/www.comitenervo.fr\/index.php?rest_route=\/wp\/v2\/posts\/8771\/revisions"}],"predecessor-version":[{"id":8780,"href":"https:\/\/www.comitenervo.fr\/index.php?rest_route=\/wp\/v2\/posts\/8771\/revisions\/8780"}],"wp:attachment":[{"href":"https:\/\/www.comitenervo.fr\/index.php?rest_route=%2Fwp%2Fv2%2Fmedia&parent=8771"}],"wp:term":[{"taxonomy":"category","embeddable":true,"href":"https:\/\/www.comitenervo.fr\/index.php?rest_route=%2Fwp%2Fv2%2Fcategories&post=8771"},{"taxonomy":"post_tag","embeddable":true,"href":"https:\/\/www.comitenervo.fr\/index.php?rest_route=%2Fwp%2Fv2%2Ftags&post=8771"}],"curies":[{"name":"wp","href":"https:\/\/api.w.org\/{rel}","templated":true}]}}