{"id":8765,"date":"2025-10-13T14:14:02","date_gmt":"2025-10-13T12:14:02","guid":{"rendered":"https:\/\/www.comitenervo.fr\/?p=8765"},"modified":"2025-10-13T14:14:02","modified_gmt":"2025-10-13T12:14:02","slug":"the-dansant-7","status":"publish","type":"post","link":"https:\/\/www.comitenervo.fr\/?p=8765","title":{"rendered":"THE DANSANT."},"content":{"rendered":"<p><a href=\"https:\/\/www.comitenervo.fr\/wp-content\/uploads\/2025\/10\/affichtgedans25.jpg\"><img loading=\"lazy\" decoding=\"async\" class=\"aligncenter size-medium wp-image-8768\" src=\"https:\/\/www.comitenervo.fr\/wp-content\/uploads\/2025\/10\/affichtgedans25-211x300.jpg\" alt=\"\" width=\"211\" height=\"300\" srcset=\"https:\/\/www.comitenervo.fr\/wp-content\/uploads\/2025\/10\/affichtgedans25-211x300.jpg 211w, https:\/\/www.comitenervo.fr\/wp-content\/uploads\/2025\/10\/affichtgedans25-721x1024.jpg 721w, https:\/\/www.comitenervo.fr\/wp-content\/uploads\/2025\/10\/affichtgedans25-768x1091.jpg 768w, https:\/\/www.comitenervo.fr\/wp-content\/uploads\/2025\/10\/affichtgedans25-1081x1536.jpg 1081w, https:\/\/www.comitenervo.fr\/wp-content\/uploads\/2025\/10\/affichtgedans25-1441x2048.jpg 1441w, https:\/\/www.comitenervo.fr\/wp-content\/uploads\/2025\/10\/affichtgedans25.jpg 1582w\" sizes=\"auto, (max-width: 211px) 100vw, 211px\" \/><\/a>La f\u00eate des a\u00een\u00e9s se d\u00e9roulera le mercredi 26 novembre 2025 \u00e0 la salle de la Jeunesse de 15h00 \u00e0 19h00.<\/p>\n<p>Ce th\u00e9 dansant sera anim\u00e9 par le c\u00e9l\u00e8bre duo belge \u00ab\u00a0Stevy\u00a0\u00bb<\/p>\n<p>Cet apr\u00e8s midi est ouverte \u00e0 tous mais uniquement sur&nbsp; r\u00e9servation.&nbsp;<\/p>\n","protected":false},"excerpt":{"rendered":"<p>La f\u00eate des a\u00een\u00e9s se d\u00e9roulera le mercredi 26 novembre 2025 \u00e0 la salle de la Jeunesse de 15h00 \u00e0 19h00. Ce th\u00e9 dansant sera anim\u00e9 par le c\u00e9l\u00e8bre duo belge \u00ab\u00a0Stevy\u00a0\u00bb Cet apr\u00e8s midi est ouverte \u00e0 tous mais &hellip; <a href=\"https:\/\/www.comitenervo.fr\/?p=8765\">Continuer la lecture <span class=\"meta-nav\">&rarr;<\/span><\/a><\/p>\n","protected":false},"author":2,"featured_media":0,"comment_status":"open","ping_status":"open","sticky":false,"template":"","format":"standard","meta":{"_monsterinsights_skip_tracking":false,"_monsterinsights_sitenote_active":false,"_monsterinsights_sitenote_note":"","_monsterinsights_sitenote_category":0,"ngg_post_thumbnail":0,"footnotes":""},"categories":[3],"tags":[],"class_list":["post-8765","post","type-post","status-publish","format-standard","hentry","category-nouveaute"],"_links":{"self":[{"href":"https:\/\/www.comitenervo.fr\/index.php?rest_route=\/wp\/v2\/posts\/8765","targetHints":{"allow":["GET"]}}],"collection":[{"href":"https:\/\/www.comitenervo.fr\/index.php?rest_route=\/wp\/v2\/posts"}],"about":[{"href":"https:\/\/www.comitenervo.fr\/index.php?rest_route=\/wp\/v2\/types\/post"}],"author":[{"embeddable":true,"href":"https:\/\/www.comitenervo.fr\/index.php?rest_route=\/wp\/v2\/users\/2"}],"replies":[{"embeddable":true,"href":"https:\/\/www.comitenervo.fr\/index.php?rest_route=%2Fwp%2Fv2%2Fcomments&post=8765"}],"version-history":[{"count":1,"href":"https:\/\/www.comitenervo.fr\/index.php?rest_route=\/wp\/v2\/posts\/8765\/revisions"}],"predecessor-version":[{"id":8769,"href":"https:\/\/www.comitenervo.fr\/index.php?rest_route=\/wp\/v2\/posts\/8765\/revisions\/8769"}],"wp:attachment":[{"href":"https:\/\/www.comitenervo.fr\/index.php?rest_route=%2Fwp%2Fv2%2Fmedia&parent=8765"}],"wp:term":[{"taxonomy":"category","embeddable":true,"href":"https:\/\/www.comitenervo.fr\/index.php?rest_route=%2Fwp%2Fv2%2Fcategories&post=8765"},{"taxonomy":"post_tag","embeddable":true,"href":"https:\/\/www.comitenervo.fr\/index.php?rest_route=%2Fwp%2Fv2%2Ftags&post=8765"}],"curies":[{"name":"wp","href":"https:\/\/api.w.org\/{rel}","templated":true}]}}