{"id":8751,"date":"2025-09-02T15:39:09","date_gmt":"2025-09-02T13:39:09","guid":{"rendered":"https:\/\/www.comitenervo.fr\/?p=8751"},"modified":"2025-09-02T15:39:09","modified_gmt":"2025-09-02T13:39:09","slug":"brocante-du-dimanche-28-septembre-2025","status":"publish","type":"post","link":"https:\/\/www.comitenervo.fr\/?p=8751","title":{"rendered":"BROCANTE DU DIMANCHE 28 SEPTEMBRE 2025"},"content":{"rendered":"<p>Le mauvais temps avait entrain\u00e9 le d\u00e9part des vendeurs de la brocante de juillet d\u00e8s 9h00 du matin, entrainant l&rsquo;annulation de&nbsp; toute restauration au local.<\/p>\n<p>Beaucoup de frustration pour les membres du comit\u00e9 Nervo et aussi pour les participants .<\/p>\n<p>Il a donc \u00e9t\u00e9 d\u00e9cid\u00e9 d&rsquo;organiser une nouvelle brocante ce dimanche 28 septembre 2025 ,toujours aux m\u00eames conditions, dans les all\u00e9es de la cit\u00e9 Nervo.<\/p>\n<p>On croise les doigts pour que le beau temps soit de la partie !!!!!!!<\/p>\n<div id=\"attachment_8753\" style=\"width: 228px\" class=\"wp-caption aligncenter\"><a href=\"https:\/\/www.comitenervo.fr\/wp-content\/uploads\/2025\/09\/brocante-sept25-1.jpg\"><img loading=\"lazy\" decoding=\"async\" aria-describedby=\"caption-attachment-8753\" class=\"size-medium wp-image-8753\" src=\"https:\/\/www.comitenervo.fr\/wp-content\/uploads\/2025\/09\/brocante-sept25-1-218x300.jpg\" alt=\"\" width=\"218\" height=\"300\" srcset=\"https:\/\/www.comitenervo.fr\/wp-content\/uploads\/2025\/09\/brocante-sept25-1-218x300.jpg 218w, https:\/\/www.comitenervo.fr\/wp-content\/uploads\/2025\/09\/brocante-sept25-1-745x1024.jpg 745w, https:\/\/www.comitenervo.fr\/wp-content\/uploads\/2025\/09\/brocante-sept25-1-768x1056.jpg 768w, https:\/\/www.comitenervo.fr\/wp-content\/uploads\/2025\/09\/brocante-sept25-1-1117x1536.jpg 1117w, https:\/\/www.comitenervo.fr\/wp-content\/uploads\/2025\/09\/brocante-sept25-1-1489x2048.jpg 1489w, https:\/\/www.comitenervo.fr\/wp-content\/uploads\/2025\/09\/brocante-sept25-1.jpg 1700w\" sizes=\"auto, (max-width: 218px) 100vw, 218px\" \/><\/a><p id=\"caption-attachment-8753\" class=\"wp-caption-text\">imprim\u00e9<\/p><\/div>\n","protected":false},"excerpt":{"rendered":"<p>Le mauvais temps avait entrain\u00e9 le d\u00e9part des vendeurs de la brocante de juillet d\u00e8s 9h00 du matin, entrainant l&rsquo;annulation de&nbsp; toute restauration au local. Beaucoup de frustration pour les membres du comit\u00e9 Nervo et aussi pour les participants . &hellip; <a href=\"https:\/\/www.comitenervo.fr\/?p=8751\">Continuer la lecture <span class=\"meta-nav\">&rarr;<\/span><\/a><\/p>\n","protected":false},"author":2,"featured_media":0,"comment_status":"open","ping_status":"open","sticky":false,"template":"","format":"standard","meta":{"_monsterinsights_skip_tracking":false,"_monsterinsights_sitenote_active":false,"_monsterinsights_sitenote_note":"","_monsterinsights_sitenote_category":0,"ngg_post_thumbnail":0,"footnotes":""},"categories":[3],"tags":[],"class_list":["post-8751","post","type-post","status-publish","format-standard","hentry","category-nouveaute"],"_links":{"self":[{"href":"https:\/\/www.comitenervo.fr\/index.php?rest_route=\/wp\/v2\/posts\/8751","targetHints":{"allow":["GET"]}}],"collection":[{"href":"https:\/\/www.comitenervo.fr\/index.php?rest_route=\/wp\/v2\/posts"}],"about":[{"href":"https:\/\/www.comitenervo.fr\/index.php?rest_route=\/wp\/v2\/types\/post"}],"author":[{"embeddable":true,"href":"https:\/\/www.comitenervo.fr\/index.php?rest_route=\/wp\/v2\/users\/2"}],"replies":[{"embeddable":true,"href":"https:\/\/www.comitenervo.fr\/index.php?rest_route=%2Fwp%2Fv2%2Fcomments&post=8751"}],"version-history":[{"count":1,"href":"https:\/\/www.comitenervo.fr\/index.php?rest_route=\/wp\/v2\/posts\/8751\/revisions"}],"predecessor-version":[{"id":8754,"href":"https:\/\/www.comitenervo.fr\/index.php?rest_route=\/wp\/v2\/posts\/8751\/revisions\/8754"}],"wp:attachment":[{"href":"https:\/\/www.comitenervo.fr\/index.php?rest_route=%2Fwp%2Fv2%2Fmedia&parent=8751"}],"wp:term":[{"taxonomy":"category","embeddable":true,"href":"https:\/\/www.comitenervo.fr\/index.php?rest_route=%2Fwp%2Fv2%2Fcategories&post=8751"},{"taxonomy":"post_tag","embeddable":true,"href":"https:\/\/www.comitenervo.fr\/index.php?rest_route=%2Fwp%2Fv2%2Ftags&post=8751"}],"curies":[{"name":"wp","href":"https:\/\/api.w.org\/{rel}","templated":true}]}}