{"id":8702,"date":"2025-02-02T15:50:57","date_gmt":"2025-02-02T14:50:57","guid":{"rendered":"https:\/\/www.comitenervo.fr\/?p=8702"},"modified":"2025-02-02T15:50:57","modified_gmt":"2025-02-02T14:50:57","slug":"assemblee-generale-du-18-janvier-2025","status":"publish","type":"post","link":"https:\/\/www.comitenervo.fr\/?p=8702","title":{"rendered":"ASSEMBLEE GENERALE DU 18 JANVIER 2025."},"content":{"rendered":"<p>L&rsquo;assembl\u00e9e g\u00e9n\u00e9rale du comit\u00e9 Nervo s&rsquo;est tenue le samedi 18 janvier 2025 au local associatif devant pr\u00e8s de 60 personnes et en pr\u00e9sence \u00e9galement de Mr Chenu ,d\u00e9put\u00e9, Mme Sti\u00e9venard adjointe, Mrs W\u00e9ry et Gernez conseillers.<\/p>\n<p>Les bilans d&rsquo;activit\u00e9s pr\u00e9sent\u00e9s&nbsp; par Peggy Tilmans, et financiers par Daniel Zaich ont \u00e9t\u00e9 adopt\u00e9s.<\/p>\n<p>Le pr\u00e9sident Michel Fontaine a remerci\u00e9 la municipalit\u00e9 pour l&rsquo;aide financi\u00e8re et la mise \u00e0 disposition du local, il a remerci\u00e9 \u00e9galement Mr Chenu pour son aide concernant l&rsquo;attribution de la subvention FDVA.<\/p>\n<p>Il faut noter la d\u00e9mission de Daniel Zaich, tr\u00e9sorier depuis 19 ans et de Michel Fontaine, pr\u00e9sident qui lui restera au comit\u00e9 pour assurer la transition.<a href=\"https:\/\/www.comitenervo.fr\/wp-content\/uploads\/2025\/02\/ag-25.jpg\"><img loading=\"lazy\" decoding=\"async\" class=\"aligncenter size-medium wp-image-8703\" src=\"https:\/\/www.comitenervo.fr\/wp-content\/uploads\/2025\/02\/ag-25-300x201.jpg\" alt=\"\" width=\"300\" height=\"201\" srcset=\"https:\/\/www.comitenervo.fr\/wp-content\/uploads\/2025\/02\/ag-25-300x201.jpg 300w, https:\/\/www.comitenervo.fr\/wp-content\/uploads\/2025\/02\/ag-25-449x300.jpg 449w, https:\/\/www.comitenervo.fr\/wp-content\/uploads\/2025\/02\/ag-25.jpg 640w\" sizes=\"auto, (max-width: 300px) 100vw, 300px\" \/><\/a> &nbsp;<\/p>\n","protected":false},"excerpt":{"rendered":"<p>L&rsquo;assembl\u00e9e g\u00e9n\u00e9rale du comit\u00e9 Nervo s&rsquo;est tenue le samedi 18 janvier 2025 au local associatif devant pr\u00e8s de 60 personnes et en pr\u00e9sence \u00e9galement de Mr Chenu ,d\u00e9put\u00e9, Mme Sti\u00e9venard adjointe, Mrs W\u00e9ry et Gernez conseillers. Les bilans d&rsquo;activit\u00e9s pr\u00e9sent\u00e9s&nbsp; &hellip; <a href=\"https:\/\/www.comitenervo.fr\/?p=8702\">Continuer la lecture <span class=\"meta-nav\">&rarr;<\/span><\/a><\/p>\n","protected":false},"author":2,"featured_media":0,"comment_status":"open","ping_status":"open","sticky":false,"template":"","format":"standard","meta":{"_monsterinsights_skip_tracking":false,"_monsterinsights_sitenote_active":false,"_monsterinsights_sitenote_note":"","_monsterinsights_sitenote_category":0,"ngg_post_thumbnail":0,"footnotes":""},"categories":[3],"tags":[],"class_list":["post-8702","post","type-post","status-publish","format-standard","hentry","category-nouveaute"],"_links":{"self":[{"href":"https:\/\/www.comitenervo.fr\/index.php?rest_route=\/wp\/v2\/posts\/8702","targetHints":{"allow":["GET"]}}],"collection":[{"href":"https:\/\/www.comitenervo.fr\/index.php?rest_route=\/wp\/v2\/posts"}],"about":[{"href":"https:\/\/www.comitenervo.fr\/index.php?rest_route=\/wp\/v2\/types\/post"}],"author":[{"embeddable":true,"href":"https:\/\/www.comitenervo.fr\/index.php?rest_route=\/wp\/v2\/users\/2"}],"replies":[{"embeddable":true,"href":"https:\/\/www.comitenervo.fr\/index.php?rest_route=%2Fwp%2Fv2%2Fcomments&post=8702"}],"version-history":[{"count":1,"href":"https:\/\/www.comitenervo.fr\/index.php?rest_route=\/wp\/v2\/posts\/8702\/revisions"}],"predecessor-version":[{"id":8704,"href":"https:\/\/www.comitenervo.fr\/index.php?rest_route=\/wp\/v2\/posts\/8702\/revisions\/8704"}],"wp:attachment":[{"href":"https:\/\/www.comitenervo.fr\/index.php?rest_route=%2Fwp%2Fv2%2Fmedia&parent=8702"}],"wp:term":[{"taxonomy":"category","embeddable":true,"href":"https:\/\/www.comitenervo.fr\/index.php?rest_route=%2Fwp%2Fv2%2Fcategories&post=8702"},{"taxonomy":"post_tag","embeddable":true,"href":"https:\/\/www.comitenervo.fr\/index.php?rest_route=%2Fwp%2Fv2%2Ftags&post=8702"}],"curies":[{"name":"wp","href":"https:\/\/api.w.org\/{rel}","templated":true}]}}