{"id":8604,"date":"2024-12-22T16:44:15","date_gmt":"2024-12-22T15:44:15","guid":{"rendered":"https:\/\/www.comitenervo.fr\/?p=8604"},"modified":"2024-12-22T16:44:15","modified_gmt":"2024-12-22T15:44:15","slug":"assemblee-generale-du-samedi-18-janvier-2025","status":"publish","type":"post","link":"https:\/\/www.comitenervo.fr\/?p=8604","title":{"rendered":"ASSEMBLEE GENERALE DU SAMEDI 18 JANVIER 2025"},"content":{"rendered":"<p>L&rsquo;assembl\u00e9e g\u00e9n\u00e9rale du comit\u00e9 Nervo aura lieu le samedi 18 janvier 2025 au local associatif.<\/p>\n<p>Plus importante encore que d&rsquo;habitude ,avec des membres \u00e2g\u00e9s et probablement des d\u00e9missions.<\/p>\n<p>Le renfort de membres plus jeunes est plus que n\u00e9cessaire.<\/p>\n<p>&nbsp; &nbsp; &nbsp; &nbsp; &nbsp; &nbsp; &nbsp; &nbsp; &nbsp; &nbsp; &nbsp; &nbsp; &nbsp; &nbsp; &nbsp; &nbsp; &nbsp; &nbsp; &nbsp; <a href=\"https:\/\/www.comitenervo.fr\/wp-content\/uploads\/2024\/12\/SCAN-AG25.jpg\"><img loading=\"lazy\" decoding=\"async\" class=\"aligncenter size-medium wp-image-8606\" src=\"https:\/\/www.comitenervo.fr\/wp-content\/uploads\/2024\/12\/SCAN-AG25-218x300.jpg\" alt=\"\" width=\"218\" height=\"300\" srcset=\"https:\/\/www.comitenervo.fr\/wp-content\/uploads\/2024\/12\/SCAN-AG25-218x300.jpg 218w, https:\/\/www.comitenervo.fr\/wp-content\/uploads\/2024\/12\/SCAN-AG25-745x1024.jpg 745w, https:\/\/www.comitenervo.fr\/wp-content\/uploads\/2024\/12\/SCAN-AG25-768x1056.jpg 768w, https:\/\/www.comitenervo.fr\/wp-content\/uploads\/2024\/12\/SCAN-AG25-1117x1536.jpg 1117w, https:\/\/www.comitenervo.fr\/wp-content\/uploads\/2024\/12\/SCAN-AG25-1489x2048.jpg 1489w, https:\/\/www.comitenervo.fr\/wp-content\/uploads\/2024\/12\/SCAN-AG25.jpg 1700w\" sizes=\"auto, (max-width: 218px) 100vw, 218px\" \/><\/a><\/p>\n","protected":false},"excerpt":{"rendered":"<p>L&rsquo;assembl\u00e9e g\u00e9n\u00e9rale du comit\u00e9 Nervo aura lieu le samedi 18 janvier 2025 au local associatif. Plus importante encore que d&rsquo;habitude ,avec des membres \u00e2g\u00e9s et probablement des d\u00e9missions. Le renfort de membres plus jeunes est plus que n\u00e9cessaire. &nbsp; &nbsp; &hellip; <a href=\"https:\/\/www.comitenervo.fr\/?p=8604\">Continuer la lecture <span class=\"meta-nav\">&rarr;<\/span><\/a><\/p>\n","protected":false},"author":2,"featured_media":0,"comment_status":"open","ping_status":"open","sticky":false,"template":"","format":"standard","meta":{"_monsterinsights_skip_tracking":false,"_monsterinsights_sitenote_active":false,"_monsterinsights_sitenote_note":"","_monsterinsights_sitenote_category":0,"ngg_post_thumbnail":0,"footnotes":""},"categories":[3],"tags":[],"class_list":["post-8604","post","type-post","status-publish","format-standard","hentry","category-nouveaute"],"_links":{"self":[{"href":"https:\/\/www.comitenervo.fr\/index.php?rest_route=\/wp\/v2\/posts\/8604","targetHints":{"allow":["GET"]}}],"collection":[{"href":"https:\/\/www.comitenervo.fr\/index.php?rest_route=\/wp\/v2\/posts"}],"about":[{"href":"https:\/\/www.comitenervo.fr\/index.php?rest_route=\/wp\/v2\/types\/post"}],"author":[{"embeddable":true,"href":"https:\/\/www.comitenervo.fr\/index.php?rest_route=\/wp\/v2\/users\/2"}],"replies":[{"embeddable":true,"href":"https:\/\/www.comitenervo.fr\/index.php?rest_route=%2Fwp%2Fv2%2Fcomments&post=8604"}],"version-history":[{"count":1,"href":"https:\/\/www.comitenervo.fr\/index.php?rest_route=\/wp\/v2\/posts\/8604\/revisions"}],"predecessor-version":[{"id":8607,"href":"https:\/\/www.comitenervo.fr\/index.php?rest_route=\/wp\/v2\/posts\/8604\/revisions\/8607"}],"wp:attachment":[{"href":"https:\/\/www.comitenervo.fr\/index.php?rest_route=%2Fwp%2Fv2%2Fmedia&parent=8604"}],"wp:term":[{"taxonomy":"category","embeddable":true,"href":"https:\/\/www.comitenervo.fr\/index.php?rest_route=%2Fwp%2Fv2%2Fcategories&post=8604"},{"taxonomy":"post_tag","embeddable":true,"href":"https:\/\/www.comitenervo.fr\/index.php?rest_route=%2Fwp%2Fv2%2Ftags&post=8604"}],"curies":[{"name":"wp","href":"https:\/\/api.w.org\/{rel}","templated":true}]}}