{"id":8586,"date":"2024-12-13T12:28:18","date_gmt":"2024-12-13T11:28:18","guid":{"rendered":"https:\/\/www.comitenervo.fr\/?p=8586"},"modified":"2024-12-13T12:28:18","modified_gmt":"2024-12-13T11:28:18","slug":"the-dansant-6","status":"publish","type":"post","link":"https:\/\/www.comitenervo.fr\/?p=8586","title":{"rendered":"THE  DANSANT."},"content":{"rendered":"<p>Tr\u00e8s bonne ambiance \u00e0 notre th\u00e9 dansant anim\u00e9 par le duo belge&nbsp; \u00ab\u00a0St\u00e9wy\u00a0\u00bb, mais peut-\u00eatre un peu moins de monde que d&rsquo;habitude.<\/p>\n<p>A la fin de la soir\u00e9e, et comme chaque ann\u00e9e ,les participants nous ont demand\u00e9 la date du prochain th\u00e9 dansant en&nbsp; 2025, preuve de la r\u00e9ussite de cette manifestation&nbsp; !!!!!!!!<\/p>\n<p>Merci aux membres du comit\u00e9 pour leur investissement et aussi aux jeunes qui nous ont apport\u00e9 leur aide.<\/p>\n<div id=\"attachment_8587\" style=\"width: 310px\" class=\"wp-caption alignleft\"><a href=\"https:\/\/www.comitenervo.fr\/wp-content\/uploads\/2024\/12\/TH2MAUR-scaled.jpg\"><img loading=\"lazy\" decoding=\"async\" aria-describedby=\"caption-attachment-8587\" class=\"size-medium wp-image-8587\" src=\"https:\/\/www.comitenervo.fr\/wp-content\/uploads\/2024\/12\/TH2MAUR-300x225.jpg\" alt=\"\" width=\"300\" height=\"225\" srcset=\"https:\/\/www.comitenervo.fr\/wp-content\/uploads\/2024\/12\/TH2MAUR-300x225.jpg 300w, https:\/\/www.comitenervo.fr\/wp-content\/uploads\/2024\/12\/TH2MAUR-1024x768.jpg 1024w, https:\/\/www.comitenervo.fr\/wp-content\/uploads\/2024\/12\/TH2MAUR-768x576.jpg 768w, https:\/\/www.comitenervo.fr\/wp-content\/uploads\/2024\/12\/TH2MAUR-1536x1152.jpg 1536w, https:\/\/www.comitenervo.fr\/wp-content\/uploads\/2024\/12\/TH2MAUR-2048x1536.jpg 2048w, https:\/\/www.comitenervo.fr\/wp-content\/uploads\/2024\/12\/TH2MAUR-400x300.jpg 400w\" sizes=\"auto, (max-width: 300px) 100vw, 300px\" \/><\/a><p id=\"caption-attachment-8587\" class=\"wp-caption-text\">Mauricette et ses copines.<\/p><\/div>\n<div id=\"attachment_8588\" style=\"width: 310px\" class=\"wp-caption alignright\"><a href=\"https:\/\/www.comitenervo.fr\/wp-content\/uploads\/2024\/12\/MARYLINE-scaled.jpg\"><img loading=\"lazy\" decoding=\"async\" aria-describedby=\"caption-attachment-8588\" class=\"size-medium wp-image-8588\" src=\"https:\/\/www.comitenervo.fr\/wp-content\/uploads\/2024\/12\/MARYLINE-300x225.jpg\" alt=\"\" width=\"300\" height=\"225\" srcset=\"https:\/\/www.comitenervo.fr\/wp-content\/uploads\/2024\/12\/MARYLINE-300x225.jpg 300w, https:\/\/www.comitenervo.fr\/wp-content\/uploads\/2024\/12\/MARYLINE-1024x768.jpg 1024w, https:\/\/www.comitenervo.fr\/wp-content\/uploads\/2024\/12\/MARYLINE-768x576.jpg 768w, https:\/\/www.comitenervo.fr\/wp-content\/uploads\/2024\/12\/MARYLINE-1536x1152.jpg 1536w, https:\/\/www.comitenervo.fr\/wp-content\/uploads\/2024\/12\/MARYLINE-2048x1536.jpg 2048w, https:\/\/www.comitenervo.fr\/wp-content\/uploads\/2024\/12\/MARYLINE-400x300.jpg 400w\" sizes=\"auto, (max-width: 300px) 100vw, 300px\" \/><\/a><p id=\"caption-attachment-8588\" class=\"wp-caption-text\">Il n&rsquo;y a pas d&rsquo;\u00e2ge.<\/p><\/div>\n<div class=\"mceTemp\">\n<\/div>\n","protected":false},"excerpt":{"rendered":"<p>Tr\u00e8s bonne ambiance \u00e0 notre th\u00e9 dansant anim\u00e9 par le duo belge&nbsp; \u00ab\u00a0St\u00e9wy\u00a0\u00bb, mais peut-\u00eatre un peu moins de monde que d&rsquo;habitude. A la fin de la soir\u00e9e, et comme chaque ann\u00e9e ,les participants nous ont demand\u00e9 la date du &hellip; <a href=\"https:\/\/www.comitenervo.fr\/?p=8586\">Continuer la lecture <span class=\"meta-nav\">&rarr;<\/span><\/a><\/p>\n","protected":false},"author":2,"featured_media":0,"comment_status":"open","ping_status":"open","sticky":false,"template":"","format":"standard","meta":{"_monsterinsights_skip_tracking":false,"_monsterinsights_sitenote_active":false,"_monsterinsights_sitenote_note":"","_monsterinsights_sitenote_category":0,"ngg_post_thumbnail":0,"footnotes":""},"categories":[3],"tags":[],"class_list":["post-8586","post","type-post","status-publish","format-standard","hentry","category-nouveaute"],"_links":{"self":[{"href":"https:\/\/www.comitenervo.fr\/index.php?rest_route=\/wp\/v2\/posts\/8586","targetHints":{"allow":["GET"]}}],"collection":[{"href":"https:\/\/www.comitenervo.fr\/index.php?rest_route=\/wp\/v2\/posts"}],"about":[{"href":"https:\/\/www.comitenervo.fr\/index.php?rest_route=\/wp\/v2\/types\/post"}],"author":[{"embeddable":true,"href":"https:\/\/www.comitenervo.fr\/index.php?rest_route=\/wp\/v2\/users\/2"}],"replies":[{"embeddable":true,"href":"https:\/\/www.comitenervo.fr\/index.php?rest_route=%2Fwp%2Fv2%2Fcomments&post=8586"}],"version-history":[{"count":2,"href":"https:\/\/www.comitenervo.fr\/index.php?rest_route=\/wp\/v2\/posts\/8586\/revisions"}],"predecessor-version":[{"id":8590,"href":"https:\/\/www.comitenervo.fr\/index.php?rest_route=\/wp\/v2\/posts\/8586\/revisions\/8590"}],"wp:attachment":[{"href":"https:\/\/www.comitenervo.fr\/index.php?rest_route=%2Fwp%2Fv2%2Fmedia&parent=8586"}],"wp:term":[{"taxonomy":"category","embeddable":true,"href":"https:\/\/www.comitenervo.fr\/index.php?rest_route=%2Fwp%2Fv2%2Fcategories&post=8586"},{"taxonomy":"post_tag","embeddable":true,"href":"https:\/\/www.comitenervo.fr\/index.php?rest_route=%2Fwp%2Fv2%2Ftags&post=8586"}],"curies":[{"name":"wp","href":"https:\/\/api.w.org\/{rel}","templated":true}]}}