{"id":8558,"date":"2024-09-29T10:26:32","date_gmt":"2024-09-29T08:26:32","guid":{"rendered":"https:\/\/www.comitenervo.fr\/?p=8558"},"modified":"2024-09-29T10:26:32","modified_gmt":"2024-09-29T08:26:32","slug":"meilleures-que-celles-de-la-braderie-de-lille","status":"publish","type":"post","link":"https:\/\/www.comitenervo.fr\/?p=8558","title":{"rendered":"MEILLEURES QUE CELLES DE LA BRADERIE DE LILLE."},"content":{"rendered":"<p>En effet, rien qu&rsquo;aux odeurs qui s&rsquo;\u00e9chappaient de la cuisine ce mercredi , il fallait&nbsp; \u00eatre sous r\u00e9gime<strong> draconien<\/strong> pour ne pas d\u00e9guster ce moules-frites !!!!<\/p>\n<p>F\u00e9licitations aux dames de l&rsquo;atelier cuisine pour ce repas .<\/p>\n<p>Une pens\u00e9e pour Josiane, Claudine et Daniel qui n&rsquo;ont pas pu participer \u00e0 ce repas.<\/p>\n<div id=\"attachment_8559\" style=\"width: 160px\" class=\"wp-caption alignleft\"><a href=\"https:\/\/www.comitenervo.fr\/wp-content\/uploads\/2024\/09\/REPAS1.jpg\"><img loading=\"lazy\" decoding=\"async\" aria-describedby=\"caption-attachment-8559\" class=\"size-thumbnail wp-image-8559\" src=\"https:\/\/www.comitenervo.fr\/wp-content\/uploads\/2024\/09\/REPAS1-150x150.jpg\" alt=\"\" width=\"150\" height=\"150\"><\/a><p id=\"caption-attachment-8559\" class=\"wp-caption-text\">Les 2 s\u0153urs Ga\u00ebtane et Christel.<\/p><\/div>\n<p>&nbsp; &nbsp; &nbsp; &nbsp; &nbsp; &nbsp; &nbsp;<\/p>\n<div id=\"attachment_8560\" style=\"width: 160px\" class=\"wp-caption aligncenter\"><a href=\"https:\/\/www.comitenervo.fr\/wp-content\/uploads\/2024\/09\/REPAS2.jpg\"><img loading=\"lazy\" decoding=\"async\" aria-describedby=\"caption-attachment-8560\" class=\"size-thumbnail wp-image-8560\" src=\"https:\/\/www.comitenervo.fr\/wp-content\/uploads\/2024\/09\/REPAS2-150x150.jpg\" alt=\"\" width=\"150\" height=\"150\"><\/a><p id=\"caption-attachment-8560\" class=\"wp-caption-text\">Dur avec un pl\u00e2tre.&nbsp; &nbsp;&nbsp;<\/p><\/div>\n<div id=\"attachment_8561\" style=\"width: 160px\" class=\"wp-caption alignright\"><a href=\"https:\/\/www.comitenervo.fr\/wp-content\/uploads\/2024\/09\/REPAS3.jpg\"><img loading=\"lazy\" decoding=\"async\" aria-describedby=\"caption-attachment-8561\" class=\"size-thumbnail wp-image-8561\" src=\"https:\/\/www.comitenervo.fr\/wp-content\/uploads\/2024\/09\/REPAS3-150x150.jpg\" alt=\"\" width=\"150\" height=\"150\"><\/a><p id=\"caption-attachment-8561\" class=\"wp-caption-text\">Vraiment bonnes.<\/p><\/div>\n<div id=\"attachment_8562\" style=\"width: 160px\" class=\"wp-caption alignleft\"><a href=\"https:\/\/www.comitenervo.fr\/wp-content\/uploads\/2024\/09\/REPAS4.jpg\"><img loading=\"lazy\" decoding=\"async\" aria-describedby=\"caption-attachment-8562\" class=\"size-thumbnail wp-image-8562\" src=\"https:\/\/www.comitenervo.fr\/wp-content\/uploads\/2024\/09\/REPAS4-150x150.jpg\" alt=\"\" width=\"150\" height=\"150\"><\/a><p id=\"caption-attachment-8562\" class=\"wp-caption-text\">Occup\u00e9es<\/p><\/div>\n","protected":false},"excerpt":{"rendered":"<p>En effet, rien qu&rsquo;aux odeurs qui s&rsquo;\u00e9chappaient de la cuisine ce mercredi , il fallait&nbsp; \u00eatre sous r\u00e9gime draconien pour ne pas d\u00e9guster ce moules-frites !!!! F\u00e9licitations aux dames de l&rsquo;atelier cuisine pour ce repas . Une pens\u00e9e pour Josiane, &hellip; <a href=\"https:\/\/www.comitenervo.fr\/?p=8558\">Continuer la lecture <span class=\"meta-nav\">&rarr;<\/span><\/a><\/p>\n","protected":false},"author":2,"featured_media":0,"comment_status":"open","ping_status":"open","sticky":false,"template":"","format":"standard","meta":{"_monsterinsights_skip_tracking":false,"_monsterinsights_sitenote_active":false,"_monsterinsights_sitenote_note":"","_monsterinsights_sitenote_category":0,"ngg_post_thumbnail":0,"footnotes":""},"categories":[3],"tags":[],"class_list":["post-8558","post","type-post","status-publish","format-standard","hentry","category-nouveaute"],"_links":{"self":[{"href":"https:\/\/www.comitenervo.fr\/index.php?rest_route=\/wp\/v2\/posts\/8558","targetHints":{"allow":["GET"]}}],"collection":[{"href":"https:\/\/www.comitenervo.fr\/index.php?rest_route=\/wp\/v2\/posts"}],"about":[{"href":"https:\/\/www.comitenervo.fr\/index.php?rest_route=\/wp\/v2\/types\/post"}],"author":[{"embeddable":true,"href":"https:\/\/www.comitenervo.fr\/index.php?rest_route=\/wp\/v2\/users\/2"}],"replies":[{"embeddable":true,"href":"https:\/\/www.comitenervo.fr\/index.php?rest_route=%2Fwp%2Fv2%2Fcomments&post=8558"}],"version-history":[{"count":2,"href":"https:\/\/www.comitenervo.fr\/index.php?rest_route=\/wp\/v2\/posts\/8558\/revisions"}],"predecessor-version":[{"id":8564,"href":"https:\/\/www.comitenervo.fr\/index.php?rest_route=\/wp\/v2\/posts\/8558\/revisions\/8564"}],"wp:attachment":[{"href":"https:\/\/www.comitenervo.fr\/index.php?rest_route=%2Fwp%2Fv2%2Fmedia&parent=8558"}],"wp:term":[{"taxonomy":"category","embeddable":true,"href":"https:\/\/www.comitenervo.fr\/index.php?rest_route=%2Fwp%2Fv2%2Fcategories&post=8558"},{"taxonomy":"post_tag","embeddable":true,"href":"https:\/\/www.comitenervo.fr\/index.php?rest_route=%2Fwp%2Fv2%2Ftags&post=8558"}],"curies":[{"name":"wp","href":"https:\/\/api.w.org\/{rel}","templated":true}]}}