{"id":8554,"date":"2024-09-24T17:00:59","date_gmt":"2024-09-24T15:00:59","guid":{"rendered":"https:\/\/www.comitenervo.fr\/?p=8554"},"modified":"2024-09-24T17:00:59","modified_gmt":"2024-09-24T15:00:59","slug":"the-dansant-5","status":"publish","type":"post","link":"https:\/\/www.comitenervo.fr\/?p=8554","title":{"rendered":"THE DANSANT."},"content":{"rendered":"<p>Le traditionnel th\u00e9 dansant des a\u00een\u00e9s du quartier Nervo aura lieu le mercredi 13 novembre 2024 \u00e0 la salle de la Jeunesse.<\/p>\n<p>Ce th\u00e9 dansant sera anim\u00e9 par les DJ&nbsp; belges \u00ab\u00a0Duo Stewy\u00a0\u00bb.<\/p>\n<p>Renseignements au 03\/27\/31\/75\/58<a href=\"https:\/\/www.comitenervo.fr\/wp-content\/uploads\/2024\/09\/AFFICHETHEDANS.jpg\"><img loading=\"lazy\" decoding=\"async\" class=\"aligncenter size-medium wp-image-8556\" src=\"https:\/\/www.comitenervo.fr\/wp-content\/uploads\/2024\/09\/AFFICHETHEDANS-218x300.jpg\" alt=\"\" width=\"218\" height=\"300\" srcset=\"https:\/\/www.comitenervo.fr\/wp-content\/uploads\/2024\/09\/AFFICHETHEDANS-218x300.jpg 218w, https:\/\/www.comitenervo.fr\/wp-content\/uploads\/2024\/09\/AFFICHETHEDANS-745x1024.jpg 745w, https:\/\/www.comitenervo.fr\/wp-content\/uploads\/2024\/09\/AFFICHETHEDANS-768x1056.jpg 768w, https:\/\/www.comitenervo.fr\/wp-content\/uploads\/2024\/09\/AFFICHETHEDANS-1117x1536.jpg 1117w, https:\/\/www.comitenervo.fr\/wp-content\/uploads\/2024\/09\/AFFICHETHEDANS-1489x2048.jpg 1489w, https:\/\/www.comitenervo.fr\/wp-content\/uploads\/2024\/09\/AFFICHETHEDANS.jpg 1700w\" sizes=\"auto, (max-width: 218px) 100vw, 218px\" \/><\/a><\/p>\n","protected":false},"excerpt":{"rendered":"<p>Le traditionnel th\u00e9 dansant des a\u00een\u00e9s du quartier Nervo aura lieu le mercredi 13 novembre 2024 \u00e0 la salle de la Jeunesse. Ce th\u00e9 dansant sera anim\u00e9 par les DJ&nbsp; belges \u00ab\u00a0Duo Stewy\u00a0\u00bb. Renseignements au 03\/27\/31\/75\/58<\/p>\n","protected":false},"author":2,"featured_media":0,"comment_status":"open","ping_status":"open","sticky":false,"template":"","format":"standard","meta":{"_monsterinsights_skip_tracking":false,"_monsterinsights_sitenote_active":false,"_monsterinsights_sitenote_note":"","_monsterinsights_sitenote_category":0,"ngg_post_thumbnail":0,"footnotes":""},"categories":[3],"tags":[],"class_list":["post-8554","post","type-post","status-publish","format-standard","hentry","category-nouveaute"],"_links":{"self":[{"href":"https:\/\/www.comitenervo.fr\/index.php?rest_route=\/wp\/v2\/posts\/8554","targetHints":{"allow":["GET"]}}],"collection":[{"href":"https:\/\/www.comitenervo.fr\/index.php?rest_route=\/wp\/v2\/posts"}],"about":[{"href":"https:\/\/www.comitenervo.fr\/index.php?rest_route=\/wp\/v2\/types\/post"}],"author":[{"embeddable":true,"href":"https:\/\/www.comitenervo.fr\/index.php?rest_route=\/wp\/v2\/users\/2"}],"replies":[{"embeddable":true,"href":"https:\/\/www.comitenervo.fr\/index.php?rest_route=%2Fwp%2Fv2%2Fcomments&post=8554"}],"version-history":[{"count":1,"href":"https:\/\/www.comitenervo.fr\/index.php?rest_route=\/wp\/v2\/posts\/8554\/revisions"}],"predecessor-version":[{"id":8557,"href":"https:\/\/www.comitenervo.fr\/index.php?rest_route=\/wp\/v2\/posts\/8554\/revisions\/8557"}],"wp:attachment":[{"href":"https:\/\/www.comitenervo.fr\/index.php?rest_route=%2Fwp%2Fv2%2Fmedia&parent=8554"}],"wp:term":[{"taxonomy":"category","embeddable":true,"href":"https:\/\/www.comitenervo.fr\/index.php?rest_route=%2Fwp%2Fv2%2Fcategories&post=8554"},{"taxonomy":"post_tag","embeddable":true,"href":"https:\/\/www.comitenervo.fr\/index.php?rest_route=%2Fwp%2Fv2%2Ftags&post=8554"}],"curies":[{"name":"wp","href":"https:\/\/api.w.org\/{rel}","templated":true}]}}