{"id":8516,"date":"2024-06-19T15:55:46","date_gmt":"2024-06-19T13:55:46","guid":{"rendered":"https:\/\/www.comitenervo.fr\/?p=8516"},"modified":"2024-06-19T15:55:46","modified_gmt":"2024-06-19T13:55:46","slug":"maintien-de-la-brocante","status":"publish","type":"post","link":"https:\/\/www.comitenervo.fr\/?p=8516","title":{"rendered":"MAINTIEN DE LA BROCANTE."},"content":{"rendered":"<p>Suite \u00e0 la d\u00e9cision gouvernementale d&rsquo;\u00e9lections le 30 juin et le 7 juillet, de nombreuses manifestations ont \u00e9t\u00e9 annul\u00e9es.<\/p>\n<p>Notre brocante du 7 juillet aura bien lieu <em><strong>mais de 8h00&nbsp; \u00e0 14h30<\/strong><\/em>, afin de permettre aux habitants ainsi qu&rsquo;aux vendeurs d&rsquo;aller voter.<\/p>\n<p>Venez nombreux avant de d\u00e9poser le bulletin !!!!!<\/p>\n<p>&nbsp;<\/p>\n","protected":false},"excerpt":{"rendered":"<p>Suite \u00e0 la d\u00e9cision gouvernementale d&rsquo;\u00e9lections le 30 juin et le 7 juillet, de nombreuses manifestations ont \u00e9t\u00e9 annul\u00e9es. Notre brocante du 7 juillet aura bien lieu mais de 8h00&nbsp; \u00e0 14h30, afin de permettre aux habitants ainsi qu&rsquo;aux vendeurs &hellip; <a href=\"https:\/\/www.comitenervo.fr\/?p=8516\">Continuer la lecture <span class=\"meta-nav\">&rarr;<\/span><\/a><\/p>\n","protected":false},"author":2,"featured_media":0,"comment_status":"open","ping_status":"open","sticky":false,"template":"","format":"standard","meta":{"_monsterinsights_skip_tracking":false,"_monsterinsights_sitenote_active":false,"_monsterinsights_sitenote_note":"","_monsterinsights_sitenote_category":0,"ngg_post_thumbnail":0,"footnotes":""},"categories":[3],"tags":[],"class_list":["post-8516","post","type-post","status-publish","format-standard","hentry","category-nouveaute"],"_links":{"self":[{"href":"https:\/\/www.comitenervo.fr\/index.php?rest_route=\/wp\/v2\/posts\/8516","targetHints":{"allow":["GET"]}}],"collection":[{"href":"https:\/\/www.comitenervo.fr\/index.php?rest_route=\/wp\/v2\/posts"}],"about":[{"href":"https:\/\/www.comitenervo.fr\/index.php?rest_route=\/wp\/v2\/types\/post"}],"author":[{"embeddable":true,"href":"https:\/\/www.comitenervo.fr\/index.php?rest_route=\/wp\/v2\/users\/2"}],"replies":[{"embeddable":true,"href":"https:\/\/www.comitenervo.fr\/index.php?rest_route=%2Fwp%2Fv2%2Fcomments&post=8516"}],"version-history":[{"count":2,"href":"https:\/\/www.comitenervo.fr\/index.php?rest_route=\/wp\/v2\/posts\/8516\/revisions"}],"predecessor-version":[{"id":8518,"href":"https:\/\/www.comitenervo.fr\/index.php?rest_route=\/wp\/v2\/posts\/8516\/revisions\/8518"}],"wp:attachment":[{"href":"https:\/\/www.comitenervo.fr\/index.php?rest_route=%2Fwp%2Fv2%2Fmedia&parent=8516"}],"wp:term":[{"taxonomy":"category","embeddable":true,"href":"https:\/\/www.comitenervo.fr\/index.php?rest_route=%2Fwp%2Fv2%2Fcategories&post=8516"},{"taxonomy":"post_tag","embeddable":true,"href":"https:\/\/www.comitenervo.fr\/index.php?rest_route=%2Fwp%2Fv2%2Ftags&post=8516"}],"curies":[{"name":"wp","href":"https:\/\/api.w.org\/{rel}","templated":true}]}}