{"id":8492,"date":"2024-05-21T10:28:59","date_gmt":"2024-05-21T08:28:59","guid":{"rendered":"https:\/\/www.comitenervo.fr\/?p=8492"},"modified":"2024-05-21T10:28:59","modified_gmt":"2024-05-21T08:28:59","slug":"fete-des-voisins-9","status":"publish","type":"post","link":"https:\/\/www.comitenervo.fr\/?p=8492","title":{"rendered":"F\u00caTE DES VOISINS."},"content":{"rendered":"<p>Comme chaque ann\u00e9e, le comit\u00e9 Nervo organise sa f\u00eate des voisins ce samedi 25 mai au local associatif.<\/p>\n<p>Des barbecues, tables, chaises seront mises \u00e0 disposition des habitants et amis, ainsi qu&rsquo;un jeu gonflable pour les enfants.<\/p>\n<p>Une boisson de bienvenue sera offerte et un air de musique permettra aux danseurs de \u00ab\u00a0s&rsquo;\u00e9clater\u00a0\u00bb .<\/p>\n<p>Pour une organisation plus simple, chaque participant ram\u00e8ne son repas.<\/p>\n<p>Venez nombreux.<\/p>\n<p><em><strong>En cas de mauvais temps la f\u00eate sera malheureusement annul\u00e9e.<\/strong><\/em><\/p>\n<p><a href=\"https:\/\/www.comitenervo.fr\/wp-content\/uploads\/2024\/05\/AFF-VOISINS-SCAN24.jpg\"><br \/>\n<img loading=\"lazy\" decoding=\"async\" class=\"aligncenter size-medium wp-image-8494\" src=\"https:\/\/www.comitenervo.fr\/wp-content\/uploads\/2024\/05\/AFF-VOISINS-SCAN24-218x300.jpg\" alt=\"\" width=\"218\" height=\"300\" srcset=\"https:\/\/www.comitenervo.fr\/wp-content\/uploads\/2024\/05\/AFF-VOISINS-SCAN24-218x300.jpg 218w, https:\/\/www.comitenervo.fr\/wp-content\/uploads\/2024\/05\/AFF-VOISINS-SCAN24-745x1024.jpg 745w, https:\/\/www.comitenervo.fr\/wp-content\/uploads\/2024\/05\/AFF-VOISINS-SCAN24-768x1056.jpg 768w, https:\/\/www.comitenervo.fr\/wp-content\/uploads\/2024\/05\/AFF-VOISINS-SCAN24-1117x1536.jpg 1117w, https:\/\/www.comitenervo.fr\/wp-content\/uploads\/2024\/05\/AFF-VOISINS-SCAN24-1489x2048.jpg 1489w, https:\/\/www.comitenervo.fr\/wp-content\/uploads\/2024\/05\/AFF-VOISINS-SCAN24.jpg 1700w\" sizes=\"auto, (max-width: 218px) 100vw, 218px\" \/><\/a><\/p>\n","protected":false},"excerpt":{"rendered":"<p>Comme chaque ann\u00e9e, le comit\u00e9 Nervo organise sa f\u00eate des voisins ce samedi 25 mai au local associatif. Des barbecues, tables, chaises seront mises \u00e0 disposition des habitants et amis, ainsi qu&rsquo;un jeu gonflable pour les enfants. Une boisson de &hellip; <a href=\"https:\/\/www.comitenervo.fr\/?p=8492\">Continuer la lecture <span class=\"meta-nav\">&rarr;<\/span><\/a><\/p>\n","protected":false},"author":2,"featured_media":0,"comment_status":"open","ping_status":"open","sticky":false,"template":"","format":"standard","meta":{"_monsterinsights_skip_tracking":false,"_monsterinsights_sitenote_active":false,"_monsterinsights_sitenote_note":"","_monsterinsights_sitenote_category":0,"ngg_post_thumbnail":0,"footnotes":""},"categories":[3],"tags":[],"class_list":["post-8492","post","type-post","status-publish","format-standard","hentry","category-nouveaute"],"_links":{"self":[{"href":"https:\/\/www.comitenervo.fr\/index.php?rest_route=\/wp\/v2\/posts\/8492","targetHints":{"allow":["GET"]}}],"collection":[{"href":"https:\/\/www.comitenervo.fr\/index.php?rest_route=\/wp\/v2\/posts"}],"about":[{"href":"https:\/\/www.comitenervo.fr\/index.php?rest_route=\/wp\/v2\/types\/post"}],"author":[{"embeddable":true,"href":"https:\/\/www.comitenervo.fr\/index.php?rest_route=\/wp\/v2\/users\/2"}],"replies":[{"embeddable":true,"href":"https:\/\/www.comitenervo.fr\/index.php?rest_route=%2Fwp%2Fv2%2Fcomments&post=8492"}],"version-history":[{"count":2,"href":"https:\/\/www.comitenervo.fr\/index.php?rest_route=\/wp\/v2\/posts\/8492\/revisions"}],"predecessor-version":[{"id":8496,"href":"https:\/\/www.comitenervo.fr\/index.php?rest_route=\/wp\/v2\/posts\/8492\/revisions\/8496"}],"wp:attachment":[{"href":"https:\/\/www.comitenervo.fr\/index.php?rest_route=%2Fwp%2Fv2%2Fmedia&parent=8492"}],"wp:term":[{"taxonomy":"category","embeddable":true,"href":"https:\/\/www.comitenervo.fr\/index.php?rest_route=%2Fwp%2Fv2%2Fcategories&post=8492"},{"taxonomy":"post_tag","embeddable":true,"href":"https:\/\/www.comitenervo.fr\/index.php?rest_route=%2Fwp%2Fv2%2Ftags&post=8492"}],"curies":[{"name":"wp","href":"https:\/\/api.w.org\/{rel}","templated":true}]}}