{"id":8449,"date":"2024-03-18T22:46:59","date_gmt":"2024-03-18T21:46:59","guid":{"rendered":"https:\/\/www.comitenervo.fr\/?p=8449"},"modified":"2024-03-18T22:46:59","modified_gmt":"2024-03-18T21:46:59","slug":"atelier-enfants-parents-de-fevrier","status":"publish","type":"post","link":"https:\/\/www.comitenervo.fr\/?p=8449","title":{"rendered":"Atelier Enfants-Parents de F\u00e9vrier"},"content":{"rendered":"<p>La saison des carnavals est lanc\u00e9e, pour l&rsquo;occasion les enfants ont pu r\u00e9aliser lors du pr\u00e9c\u00e9dent atelier un chapeau de carnaval type \u00ab\u00a0fou du roi\u00a0\u00bb.<br \/>\nPour le moment, c&rsquo;est plut\u00f4t un chapeau qui rend fou les parents avec ses grelots un peu \/ beaucoup bruyant <strong>\ud83d\ude42<\/strong><\/p>\n<p><a href=\"https:\/\/www.comitenervo.fr\/wp-content\/uploads\/2024\/03\/20240210_173845-scaled.jpg\"><img loading=\"lazy\" decoding=\"async\" class=\"size-medium wp-image-8450 alignleft\" src=\"https:\/\/www.comitenervo.fr\/wp-content\/uploads\/2024\/03\/20240210_173845-300x225.jpg\" alt=\"\" width=\"300\" height=\"225\" srcset=\"https:\/\/www.comitenervo.fr\/wp-content\/uploads\/2024\/03\/20240210_173845-300x225.jpg 300w, https:\/\/www.comitenervo.fr\/wp-content\/uploads\/2024\/03\/20240210_173845-1024x768.jpg 1024w, https:\/\/www.comitenervo.fr\/wp-content\/uploads\/2024\/03\/20240210_173845-768x576.jpg 768w, https:\/\/www.comitenervo.fr\/wp-content\/uploads\/2024\/03\/20240210_173845-1536x1152.jpg 1536w, https:\/\/www.comitenervo.fr\/wp-content\/uploads\/2024\/03\/20240210_173845-2048x1536.jpg 2048w, https:\/\/www.comitenervo.fr\/wp-content\/uploads\/2024\/03\/20240210_173845-400x300.jpg 400w\" sizes=\"auto, (max-width: 300px) 100vw, 300px\" \/><\/a><a href=\"https:\/\/www.comitenervo.fr\/wp-content\/uploads\/2024\/03\/20240316_224038-COLLAGE-scaled.jpg\"><img loading=\"lazy\" decoding=\"async\" class=\"size-medium wp-image-8452 aligncenter\" src=\"https:\/\/www.comitenervo.fr\/wp-content\/uploads\/2024\/03\/20240316_224038-COLLAGE-300x225.jpg\" alt=\"\" width=\"300\" height=\"225\" srcset=\"https:\/\/www.comitenervo.fr\/wp-content\/uploads\/2024\/03\/20240316_224038-COLLAGE-300x225.jpg 300w, https:\/\/www.comitenervo.fr\/wp-content\/uploads\/2024\/03\/20240316_224038-COLLAGE-1024x769.jpg 1024w, https:\/\/www.comitenervo.fr\/wp-content\/uploads\/2024\/03\/20240316_224038-COLLAGE-768x577.jpg 768w, https:\/\/www.comitenervo.fr\/wp-content\/uploads\/2024\/03\/20240316_224038-COLLAGE-1536x1154.jpg 1536w, https:\/\/www.comitenervo.fr\/wp-content\/uploads\/2024\/03\/20240316_224038-COLLAGE-2048x1538.jpg 2048w, https:\/\/www.comitenervo.fr\/wp-content\/uploads\/2024\/03\/20240316_224038-COLLAGE-399x300.jpg 399w\" sizes=\"auto, (max-width: 300px) 100vw, 300px\" \/><\/a> <a href=\"https:\/\/www.comitenervo.fr\/wp-content\/uploads\/2024\/03\/20240316_224106-COLLAGE-scaled.jpg\"><img loading=\"lazy\" decoding=\"async\" class=\"size-medium wp-image-8453 alignright\" src=\"https:\/\/www.comitenervo.fr\/wp-content\/uploads\/2024\/03\/20240316_224106-COLLAGE-300x225.jpg\" alt=\"\" width=\"300\" height=\"225\" srcset=\"https:\/\/www.comitenervo.fr\/wp-content\/uploads\/2024\/03\/20240316_224106-COLLAGE-300x225.jpg 300w, https:\/\/www.comitenervo.fr\/wp-content\/uploads\/2024\/03\/20240316_224106-COLLAGE-1024x769.jpg 1024w, https:\/\/www.comitenervo.fr\/wp-content\/uploads\/2024\/03\/20240316_224106-COLLAGE-768x577.jpg 768w, https:\/\/www.comitenervo.fr\/wp-content\/uploads\/2024\/03\/20240316_224106-COLLAGE-1536x1154.jpg 1536w, https:\/\/www.comitenervo.fr\/wp-content\/uploads\/2024\/03\/20240316_224106-COLLAGE-2048x1538.jpg 2048w, https:\/\/www.comitenervo.fr\/wp-content\/uploads\/2024\/03\/20240316_224106-COLLAGE-399x300.jpg 399w\" sizes=\"auto, (max-width: 300px) 100vw, 300px\" \/><\/a><\/p>\n","protected":false},"excerpt":{"rendered":"<p>La saison des carnavals est lanc\u00e9e, pour l&rsquo;occasion les enfants ont pu r\u00e9aliser lors du pr\u00e9c\u00e9dent atelier un chapeau de carnaval type \u00ab\u00a0fou du roi\u00a0\u00bb. Pour le moment, c&rsquo;est plut\u00f4t un chapeau qui rend fou les parents avec ses grelots &hellip; <a href=\"https:\/\/www.comitenervo.fr\/?p=8449\">Continuer la lecture <span class=\"meta-nav\">&rarr;<\/span><\/a><\/p>\n","protected":false},"author":3,"featured_media":0,"comment_status":"open","ping_status":"open","sticky":false,"template":"","format":"standard","meta":{"_monsterinsights_skip_tracking":false,"_monsterinsights_sitenote_active":false,"_monsterinsights_sitenote_note":"","_monsterinsights_sitenote_category":0,"ngg_post_thumbnail":0,"footnotes":""},"categories":[3],"tags":[],"class_list":["post-8449","post","type-post","status-publish","format-standard","hentry","category-nouveaute"],"_links":{"self":[{"href":"https:\/\/www.comitenervo.fr\/index.php?rest_route=\/wp\/v2\/posts\/8449","targetHints":{"allow":["GET"]}}],"collection":[{"href":"https:\/\/www.comitenervo.fr\/index.php?rest_route=\/wp\/v2\/posts"}],"about":[{"href":"https:\/\/www.comitenervo.fr\/index.php?rest_route=\/wp\/v2\/types\/post"}],"author":[{"embeddable":true,"href":"https:\/\/www.comitenervo.fr\/index.php?rest_route=\/wp\/v2\/users\/3"}],"replies":[{"embeddable":true,"href":"https:\/\/www.comitenervo.fr\/index.php?rest_route=%2Fwp%2Fv2%2Fcomments&post=8449"}],"version-history":[{"count":4,"href":"https:\/\/www.comitenervo.fr\/index.php?rest_route=\/wp\/v2\/posts\/8449\/revisions"}],"predecessor-version":[{"id":8465,"href":"https:\/\/www.comitenervo.fr\/index.php?rest_route=\/wp\/v2\/posts\/8449\/revisions\/8465"}],"wp:attachment":[{"href":"https:\/\/www.comitenervo.fr\/index.php?rest_route=%2Fwp%2Fv2%2Fmedia&parent=8449"}],"wp:term":[{"taxonomy":"category","embeddable":true,"href":"https:\/\/www.comitenervo.fr\/index.php?rest_route=%2Fwp%2Fv2%2Fcategories&post=8449"},{"taxonomy":"post_tag","embeddable":true,"href":"https:\/\/www.comitenervo.fr\/index.php?rest_route=%2Fwp%2Fv2%2Ftags&post=8449"}],"curies":[{"name":"wp","href":"https:\/\/api.w.org\/{rel}","templated":true}]}}