{"id":8433,"date":"2024-02-12T10:09:28","date_gmt":"2024-02-12T09:09:28","guid":{"rendered":"https:\/\/www.comitenervo.fr\/?p=8433"},"modified":"2024-02-12T10:09:28","modified_gmt":"2024-02-12T09:09:28","slug":"assemblee-generale-8","status":"publish","type":"post","link":"https:\/\/www.comitenervo.fr\/?p=8433","title":{"rendered":"ASSEMBLEE GENERALE."},"content":{"rendered":"<p>L&rsquo;assembl\u00e9e g\u00e9n\u00e9rale du comit\u00e9 Nervo s&rsquo;est d\u00e9roul\u00e9e le samedi 27 janvier devant une assistance nombreuse.<\/p>\n<p>Etaient pr\u00e9sents Mr Chenu d\u00e9put\u00e9, Mme Andris suppl\u00e9ante, Mr Benamara adjoint, Mr W\u00e9ry conseiller d\u00e9l\u00e9gu\u00e9 et une soixantaine d&rsquo;adh\u00e9rents.<\/p>\n<p>Le&nbsp; bilan d&rsquo;activit\u00e9s expos\u00e9 par Michel Fontaine&nbsp; et le bilan financier de Daniel Zaich ont \u00e9t\u00e9 adopt\u00e9s.<\/p>\n<p>Bonne nouvelle: 3 nouveaux membres pour renforcer le comit\u00e9.<\/p>\n<p><a href=\"https:\/\/www.comitenervo.fr\/wp-content\/uploads\/2024\/02\/P1050414-scaled.jpg\"><img loading=\"lazy\" decoding=\"async\" class=\"alignleft size-thumbnail wp-image-8437\" src=\"https:\/\/www.comitenervo.fr\/wp-content\/uploads\/2024\/02\/P1050414-150x150.jpg\" alt=\"\" width=\"150\" height=\"150\"><\/a><\/p>\n<p><a href=\"https:\/\/www.comitenervo.fr\/wp-content\/uploads\/2024\/02\/P1050413-scaled.jpg\"><img loading=\"lazy\" decoding=\"async\" class=\"alignright size-thumbnail wp-image-8434\" src=\"https:\/\/www.comitenervo.fr\/wp-content\/uploads\/2024\/02\/P1050413-150x150.jpg\" alt=\"\" width=\"150\" height=\"150\"><\/a><a href=\"https:\/\/www.comitenervo.fr\/wp-content\/uploads\/2024\/02\/P1050412-scaled.jpg\"><img loading=\"lazy\" decoding=\"async\" class=\"alignleft size-thumbnail wp-image-8435\" src=\"https:\/\/www.comitenervo.fr\/wp-content\/uploads\/2024\/02\/P1050412-150x150.jpg\" alt=\"\" width=\"150\" height=\"150\"><\/a><\/p>\n","protected":false},"excerpt":{"rendered":"<p>L&rsquo;assembl\u00e9e g\u00e9n\u00e9rale du comit\u00e9 Nervo s&rsquo;est d\u00e9roul\u00e9e le samedi 27 janvier devant une assistance nombreuse. Etaient pr\u00e9sents Mr Chenu d\u00e9put\u00e9, Mme Andris suppl\u00e9ante, Mr Benamara adjoint, Mr W\u00e9ry conseiller d\u00e9l\u00e9gu\u00e9 et une soixantaine d&rsquo;adh\u00e9rents. Le&nbsp; bilan d&rsquo;activit\u00e9s expos\u00e9 par Michel &hellip; <a href=\"https:\/\/www.comitenervo.fr\/?p=8433\">Continuer la lecture <span class=\"meta-nav\">&rarr;<\/span><\/a><\/p>\n","protected":false},"author":2,"featured_media":0,"comment_status":"open","ping_status":"open","sticky":false,"template":"","format":"standard","meta":{"_monsterinsights_skip_tracking":false,"_monsterinsights_sitenote_active":false,"_monsterinsights_sitenote_note":"","_monsterinsights_sitenote_category":0,"ngg_post_thumbnail":0,"footnotes":""},"categories":[3],"tags":[],"class_list":["post-8433","post","type-post","status-publish","format-standard","hentry","category-nouveaute"],"_links":{"self":[{"href":"https:\/\/www.comitenervo.fr\/index.php?rest_route=\/wp\/v2\/posts\/8433","targetHints":{"allow":["GET"]}}],"collection":[{"href":"https:\/\/www.comitenervo.fr\/index.php?rest_route=\/wp\/v2\/posts"}],"about":[{"href":"https:\/\/www.comitenervo.fr\/index.php?rest_route=\/wp\/v2\/types\/post"}],"author":[{"embeddable":true,"href":"https:\/\/www.comitenervo.fr\/index.php?rest_route=\/wp\/v2\/users\/2"}],"replies":[{"embeddable":true,"href":"https:\/\/www.comitenervo.fr\/index.php?rest_route=%2Fwp%2Fv2%2Fcomments&post=8433"}],"version-history":[{"count":2,"href":"https:\/\/www.comitenervo.fr\/index.php?rest_route=\/wp\/v2\/posts\/8433\/revisions"}],"predecessor-version":[{"id":8438,"href":"https:\/\/www.comitenervo.fr\/index.php?rest_route=\/wp\/v2\/posts\/8433\/revisions\/8438"}],"wp:attachment":[{"href":"https:\/\/www.comitenervo.fr\/index.php?rest_route=%2Fwp%2Fv2%2Fmedia&parent=8433"}],"wp:term":[{"taxonomy":"category","embeddable":true,"href":"https:\/\/www.comitenervo.fr\/index.php?rest_route=%2Fwp%2Fv2%2Fcategories&post=8433"},{"taxonomy":"post_tag","embeddable":true,"href":"https:\/\/www.comitenervo.fr\/index.php?rest_route=%2Fwp%2Fv2%2Ftags&post=8433"}],"curies":[{"name":"wp","href":"https:\/\/api.w.org\/{rel}","templated":true}]}}