{"id":8349,"date":"2023-12-26T11:47:53","date_gmt":"2023-12-26T10:47:53","guid":{"rendered":"https:\/\/www.comitenervo.fr\/?p=8349"},"modified":"2024-01-06T22:44:12","modified_gmt":"2024-01-06T21:44:12","slug":"noel-cest-la-fete","status":"publish","type":"post","link":"https:\/\/www.comitenervo.fr\/?p=8349","title":{"rendered":"NO\u00cbL : C&rsquo;EST LA  F\u00caTE !!!!"},"content":{"rendered":"<p>Dans le cadre de l&rsquo;atelier \u00ab\u00a0cuisine\u00a0\u00bb, il \u00e9tait vraiment impossible de f\u00eater No\u00ebl sans un repas de circonstance.<\/p>\n<p>Pr\u00e8s de 20 personnes ont particip\u00e9 \u00e0 ce repas dans une tr\u00e8s bonne ambiance et avec beaucoup d&rsquo;app\u00e9tit (n&rsquo;est-ce pas messieurs ).<\/p>\n<p>A cette occasion les membres de cette section ont tenu \u00e0 remercier Christel pour son implication tout au long de l&rsquo;ann\u00e9e en lui offrant un panier garni.<\/p>\n<p>Sympa !!!!!!<\/p>\n<div id=\"attachment_8350\" style=\"width: 235px\" class=\"wp-caption alignleft\"><a href=\"https:\/\/www.comitenervo.fr\/wp-content\/uploads\/2023\/12\/ph9.jpg\"><img loading=\"lazy\" decoding=\"async\" aria-describedby=\"caption-attachment-8350\" class=\"size-medium wp-image-8350\" src=\"https:\/\/www.comitenervo.fr\/wp-content\/uploads\/2023\/12\/ph9-225x300.jpg\" alt=\"\" width=\"225\" height=\"300\" srcset=\"https:\/\/www.comitenervo.fr\/wp-content\/uploads\/2023\/12\/ph9-225x300.jpg 225w, https:\/\/www.comitenervo.fr\/wp-content\/uploads\/2023\/12\/ph9.jpg 480w\" sizes=\"auto, (max-width: 225px) 100vw, 225px\" \/><\/a><p id=\"caption-attachment-8350\" class=\"wp-caption-text\">Christel et Mme Midavaine<\/p><\/div>\n<div id=\"attachment_8351\" style=\"width: 235px\" class=\"wp-caption alignright\"><a href=\"https:\/\/www.comitenervo.fr\/wp-content\/uploads\/2023\/12\/ph1.jpg\"><img loading=\"lazy\" decoding=\"async\" aria-describedby=\"caption-attachment-8351\" class=\"size-medium wp-image-8351\" src=\"https:\/\/www.comitenervo.fr\/wp-content\/uploads\/2023\/12\/ph1-225x300.jpg\" alt=\"\" width=\"225\" height=\"300\" srcset=\"https:\/\/www.comitenervo.fr\/wp-content\/uploads\/2023\/12\/ph1-225x300.jpg 225w, https:\/\/www.comitenervo.fr\/wp-content\/uploads\/2023\/12\/ph1-768x1024.jpg 768w, https:\/\/www.comitenervo.fr\/wp-content\/uploads\/2023\/12\/ph1.jpg 867w\" sizes=\"auto, (max-width: 225px) 100vw, 225px\" \/><\/a><p id=\"caption-attachment-8351\" class=\"wp-caption-text\">Belle assembl\u00e9e.<\/p><\/div>\n","protected":false},"excerpt":{"rendered":"<p>Dans le cadre de l&rsquo;atelier \u00ab\u00a0cuisine\u00a0\u00bb, il \u00e9tait vraiment impossible de f\u00eater No\u00ebl sans un repas de circonstance. Pr\u00e8s de 20 personnes ont particip\u00e9 \u00e0 ce repas dans une tr\u00e8s bonne ambiance et avec beaucoup d&rsquo;app\u00e9tit (n&rsquo;est-ce pas messieurs ). &hellip; <a href=\"https:\/\/www.comitenervo.fr\/?p=8349\">Continuer la lecture <span class=\"meta-nav\">&rarr;<\/span><\/a><\/p>\n","protected":false},"author":2,"featured_media":0,"comment_status":"open","ping_status":"open","sticky":false,"template":"","format":"standard","meta":{"_monsterinsights_skip_tracking":false,"_monsterinsights_sitenote_active":false,"_monsterinsights_sitenote_note":"","_monsterinsights_sitenote_category":0,"ngg_post_thumbnail":0,"footnotes":""},"categories":[9,12,3,6],"tags":[],"class_list":["post-8349","post","type-post","status-publish","format-standard","hentry","category-evenement","category-local-de-la-cite","category-nouveaute","category-vie-de-la-cite"],"_links":{"self":[{"href":"https:\/\/www.comitenervo.fr\/index.php?rest_route=\/wp\/v2\/posts\/8349","targetHints":{"allow":["GET"]}}],"collection":[{"href":"https:\/\/www.comitenervo.fr\/index.php?rest_route=\/wp\/v2\/posts"}],"about":[{"href":"https:\/\/www.comitenervo.fr\/index.php?rest_route=\/wp\/v2\/types\/post"}],"author":[{"embeddable":true,"href":"https:\/\/www.comitenervo.fr\/index.php?rest_route=\/wp\/v2\/users\/2"}],"replies":[{"embeddable":true,"href":"https:\/\/www.comitenervo.fr\/index.php?rest_route=%2Fwp%2Fv2%2Fcomments&post=8349"}],"version-history":[{"count":1,"href":"https:\/\/www.comitenervo.fr\/index.php?rest_route=\/wp\/v2\/posts\/8349\/revisions"}],"predecessor-version":[{"id":8352,"href":"https:\/\/www.comitenervo.fr\/index.php?rest_route=\/wp\/v2\/posts\/8349\/revisions\/8352"}],"wp:attachment":[{"href":"https:\/\/www.comitenervo.fr\/index.php?rest_route=%2Fwp%2Fv2%2Fmedia&parent=8349"}],"wp:term":[{"taxonomy":"category","embeddable":true,"href":"https:\/\/www.comitenervo.fr\/index.php?rest_route=%2Fwp%2Fv2%2Fcategories&post=8349"},{"taxonomy":"post_tag","embeddable":true,"href":"https:\/\/www.comitenervo.fr\/index.php?rest_route=%2Fwp%2Fv2%2Ftags&post=8349"}],"curies":[{"name":"wp","href":"https:\/\/api.w.org\/{rel}","templated":true}]}}