{"id":8322,"date":"2023-10-29T10:38:45","date_gmt":"2023-10-29T09:38:45","guid":{"rendered":"https:\/\/www.comitenervo.fr\/?p=8322"},"modified":"2024-01-06T22:43:43","modified_gmt":"2024-01-06T21:43:43","slug":"totem-nervo","status":"publish","type":"post","link":"https:\/\/www.comitenervo.fr\/?p=8322","title":{"rendered":"TOTEM  \u00ab\u00a0NERVO\u00a0\u00bb"},"content":{"rendered":"<p>Le fameux \u00ab\u00a0Totem\u00a0\u00bb r\u00e9cup\u00e9r\u00e9 lors des travaux de la rocade a enfin trouv\u00e9 un endroit&nbsp; appropri\u00e9 pour se fixer: au local associatif !!!!!!!!!!.<\/p>\n<p>En effet, Jean-Claude et Dominique se sont charg\u00e9s de le sceller&nbsp; pr\u00e8s du garage.<\/p>\n<p>Cela bouche un trou d&rsquo;une part et cela permet d&rsquo;autre part de donner une explication au nom de notre cit\u00e9 Robert de Nervo.<\/p>\n<p>Merci&nbsp; &nbsp;encore aux 2 courageux.<\/p>\n<div id=\"attachment_8323\" style=\"width: 160px\" class=\"wp-caption alignleft\"><a href=\"https:\/\/www.comitenervo.fr\/wp-content\/uploads\/2023\/10\/P1050396SOURIRE-scaled.jpg\"><img loading=\"lazy\" decoding=\"async\" aria-describedby=\"caption-attachment-8323\" class=\"size-thumbnail wp-image-8323\" src=\"https:\/\/www.comitenervo.fr\/wp-content\/uploads\/2023\/10\/P1050396SOURIRE-150x150.jpg\" alt=\"\" width=\"150\" height=\"150\"><\/a><p id=\"caption-attachment-8323\" class=\"wp-caption-text\">Avec le sourire.<\/p><\/div>\n<div id=\"attachment_8324\" style=\"width: 160px\" class=\"wp-caption aligncenter\"><a href=\"https:\/\/www.comitenervo.fr\/wp-content\/uploads\/2023\/10\/P1050402JCDOM-scaled.jpg\"><img loading=\"lazy\" decoding=\"async\" aria-describedby=\"caption-attachment-8324\" class=\"size-thumbnail wp-image-8324\" src=\"https:\/\/www.comitenervo.fr\/wp-content\/uploads\/2023\/10\/P1050402JCDOM-150x150.jpg\" alt=\"\" width=\"150\" height=\"150\"><\/a><p id=\"caption-attachment-8324\" class=\"wp-caption-text\">En plein travail.<\/p><\/div>\n<div id=\"attachment_8325\" style=\"width: 160px\" class=\"wp-caption alignright\"><a href=\"https:\/\/www.comitenervo.fr\/wp-content\/uploads\/2023\/10\/P1050403TOTEM-scaled.jpg\"><img loading=\"lazy\" decoding=\"async\" aria-describedby=\"caption-attachment-8325\" class=\"size-thumbnail wp-image-8325\" src=\"https:\/\/www.comitenervo.fr\/wp-content\/uploads\/2023\/10\/P1050403TOTEM-150x150.jpg\" alt=\"\" width=\"150\" height=\"150\"><\/a><p id=\"caption-attachment-8325\" class=\"wp-caption-text\">Totem fix\u00e9.<\/p><\/div>\n","protected":false},"excerpt":{"rendered":"<p>Le fameux \u00ab\u00a0Totem\u00a0\u00bb r\u00e9cup\u00e9r\u00e9 lors des travaux de la rocade a enfin trouv\u00e9 un endroit&nbsp; appropri\u00e9 pour se fixer: au local associatif !!!!!!!!!!. En effet, Jean-Claude et Dominique se sont charg\u00e9s de le sceller&nbsp; pr\u00e8s du garage. Cela bouche un &hellip; <a href=\"https:\/\/www.comitenervo.fr\/?p=8322\">Continuer la lecture <span class=\"meta-nav\">&rarr;<\/span><\/a><\/p>\n","protected":false},"author":2,"featured_media":0,"comment_status":"open","ping_status":"open","sticky":false,"template":"","format":"standard","meta":{"_monsterinsights_skip_tracking":false,"_monsterinsights_sitenote_active":false,"_monsterinsights_sitenote_note":"","_monsterinsights_sitenote_category":0,"ngg_post_thumbnail":0,"footnotes":""},"categories":[12,6],"tags":[],"class_list":["post-8322","post","type-post","status-publish","format-standard","hentry","category-local-de-la-cite","category-vie-de-la-cite"],"_links":{"self":[{"href":"https:\/\/www.comitenervo.fr\/index.php?rest_route=\/wp\/v2\/posts\/8322","targetHints":{"allow":["GET"]}}],"collection":[{"href":"https:\/\/www.comitenervo.fr\/index.php?rest_route=\/wp\/v2\/posts"}],"about":[{"href":"https:\/\/www.comitenervo.fr\/index.php?rest_route=\/wp\/v2\/types\/post"}],"author":[{"embeddable":true,"href":"https:\/\/www.comitenervo.fr\/index.php?rest_route=\/wp\/v2\/users\/2"}],"replies":[{"embeddable":true,"href":"https:\/\/www.comitenervo.fr\/index.php?rest_route=%2Fwp%2Fv2%2Fcomments&post=8322"}],"version-history":[{"count":2,"href":"https:\/\/www.comitenervo.fr\/index.php?rest_route=\/wp\/v2\/posts\/8322\/revisions"}],"predecessor-version":[{"id":8327,"href":"https:\/\/www.comitenervo.fr\/index.php?rest_route=\/wp\/v2\/posts\/8322\/revisions\/8327"}],"wp:attachment":[{"href":"https:\/\/www.comitenervo.fr\/index.php?rest_route=%2Fwp%2Fv2%2Fmedia&parent=8322"}],"wp:term":[{"taxonomy":"category","embeddable":true,"href":"https:\/\/www.comitenervo.fr\/index.php?rest_route=%2Fwp%2Fv2%2Fcategories&post=8322"},{"taxonomy":"post_tag","embeddable":true,"href":"https:\/\/www.comitenervo.fr\/index.php?rest_route=%2Fwp%2Fv2%2Ftags&post=8322"}],"curies":[{"name":"wp","href":"https:\/\/api.w.org\/{rel}","templated":true}]}}