{"id":8309,"date":"2023-10-20T10:24:30","date_gmt":"2023-10-20T08:24:30","guid":{"rendered":"https:\/\/www.comitenervo.fr\/?p=8309"},"modified":"2024-01-06T22:43:33","modified_gmt":"2024-01-06T21:43:33","slug":"deces-de-robert-landas","status":"publish","type":"post","link":"https:\/\/www.comitenervo.fr\/?p=8309","title":{"rendered":"DECES DE ROBERT LANDAS"},"content":{"rendered":"<p>Robert Landas nous a quitt\u00e9&nbsp; le mardi 10 octobre.<\/p>\n<p>Robert laissera un grand vide chez les habitants du quartier.<\/p>\n<p>Discret mais toujours pr\u00e9sent pour&nbsp; aider (il distribuait les imprim\u00e9s du comit\u00e9), impliqu\u00e9 \u00e9galement dans la vie publique ( il avait \u00e9t\u00e9 conseiller municipal), soucieux des probl\u00e8mes du quartier (implantation du rond-point \u00e0 l&rsquo;entr\u00e9e de la cit\u00e9).<\/p>\n<p>Nous n&rsquo;entendrons plus tes canaris chanter !!!!!!!!<\/p>\n<p>Sinc\u00e8res condol\u00e9ances \u00e0 toute sa famille.<\/p>\n<div id=\"attachment_8310\" style=\"width: 310px\" class=\"wp-caption alignleft\"><a href=\"https:\/\/www.comitenervo.fr\/wp-content\/uploads\/2023\/10\/landas1-scaled.jpg\"><img loading=\"lazy\" decoding=\"async\" aria-describedby=\"caption-attachment-8310\" class=\"size-medium wp-image-8310\" src=\"https:\/\/www.comitenervo.fr\/wp-content\/uploads\/2023\/10\/landas1-300x225.jpg\" alt=\"\" width=\"300\" height=\"225\" srcset=\"https:\/\/www.comitenervo.fr\/wp-content\/uploads\/2023\/10\/landas1-300x225.jpg 300w, https:\/\/www.comitenervo.fr\/wp-content\/uploads\/2023\/10\/landas1-1024x768.jpg 1024w, https:\/\/www.comitenervo.fr\/wp-content\/uploads\/2023\/10\/landas1-768x576.jpg 768w, https:\/\/www.comitenervo.fr\/wp-content\/uploads\/2023\/10\/landas1-1536x1152.jpg 1536w, https:\/\/www.comitenervo.fr\/wp-content\/uploads\/2023\/10\/landas1-2048x1536.jpg 2048w, https:\/\/www.comitenervo.fr\/wp-content\/uploads\/2023\/10\/landas1-400x300.jpg 400w\" sizes=\"auto, (max-width: 300px) 100vw, 300px\" \/><\/a><p id=\"caption-attachment-8310\" class=\"wp-caption-text\">H\u00e9l\u00e8ne et Robert.<\/p><\/div>\n<p><a href=\"https:\/\/www.comitenervo.fr\/wp-content\/uploads\/2023\/10\/LANDAS-SCAN-rotated.jpg\"><img loading=\"lazy\" decoding=\"async\" class=\"alignright size-medium wp-image-8312\" src=\"https:\/\/www.comitenervo.fr\/wp-content\/uploads\/2023\/10\/LANDAS-SCAN-300x218.jpg\" alt=\"\" width=\"300\" height=\"218\" srcset=\"https:\/\/www.comitenervo.fr\/wp-content\/uploads\/2023\/10\/LANDAS-SCAN-300x218.jpg 300w, https:\/\/www.comitenervo.fr\/wp-content\/uploads\/2023\/10\/LANDAS-SCAN-1024x745.jpg 1024w, https:\/\/www.comitenervo.fr\/wp-content\/uploads\/2023\/10\/LANDAS-SCAN-768x558.jpg 768w, https:\/\/www.comitenervo.fr\/wp-content\/uploads\/2023\/10\/LANDAS-SCAN-1536x1117.jpg 1536w, https:\/\/www.comitenervo.fr\/wp-content\/uploads\/2023\/10\/LANDAS-SCAN-2048x1489.jpg 2048w, https:\/\/www.comitenervo.fr\/wp-content\/uploads\/2023\/10\/LANDAS-SCAN-413x300.jpg 413w\" sizes=\"auto, (max-width: 300px) 100vw, 300px\" \/><\/a><\/p>\n","protected":false},"excerpt":{"rendered":"<p>Robert Landas nous a quitt\u00e9&nbsp; le mardi 10 octobre. Robert laissera un grand vide chez les habitants du quartier. Discret mais toujours pr\u00e9sent pour&nbsp; aider (il distribuait les imprim\u00e9s du comit\u00e9), impliqu\u00e9 \u00e9galement dans la vie publique ( il avait &hellip; <a href=\"https:\/\/www.comitenervo.fr\/?p=8309\">Continuer la lecture <span class=\"meta-nav\">&rarr;<\/span><\/a><\/p>\n","protected":false},"author":2,"featured_media":0,"comment_status":"open","ping_status":"open","sticky":false,"template":"","format":"standard","meta":{"_monsterinsights_skip_tracking":false,"_monsterinsights_sitenote_active":false,"_monsterinsights_sitenote_note":"","_monsterinsights_sitenote_category":0,"ngg_post_thumbnail":0,"footnotes":""},"categories":[10,6],"tags":[],"class_list":["post-8309","post","type-post","status-publish","format-standard","hentry","category-portrait","category-vie-de-la-cite"],"_links":{"self":[{"href":"https:\/\/www.comitenervo.fr\/index.php?rest_route=\/wp\/v2\/posts\/8309","targetHints":{"allow":["GET"]}}],"collection":[{"href":"https:\/\/www.comitenervo.fr\/index.php?rest_route=\/wp\/v2\/posts"}],"about":[{"href":"https:\/\/www.comitenervo.fr\/index.php?rest_route=\/wp\/v2\/types\/post"}],"author":[{"embeddable":true,"href":"https:\/\/www.comitenervo.fr\/index.php?rest_route=\/wp\/v2\/users\/2"}],"replies":[{"embeddable":true,"href":"https:\/\/www.comitenervo.fr\/index.php?rest_route=%2Fwp%2Fv2%2Fcomments&post=8309"}],"version-history":[{"count":3,"href":"https:\/\/www.comitenervo.fr\/index.php?rest_route=\/wp\/v2\/posts\/8309\/revisions"}],"predecessor-version":[{"id":8315,"href":"https:\/\/www.comitenervo.fr\/index.php?rest_route=\/wp\/v2\/posts\/8309\/revisions\/8315"}],"wp:attachment":[{"href":"https:\/\/www.comitenervo.fr\/index.php?rest_route=%2Fwp%2Fv2%2Fmedia&parent=8309"}],"wp:term":[{"taxonomy":"category","embeddable":true,"href":"https:\/\/www.comitenervo.fr\/index.php?rest_route=%2Fwp%2Fv2%2Fcategories&post=8309"},{"taxonomy":"post_tag","embeddable":true,"href":"https:\/\/www.comitenervo.fr\/index.php?rest_route=%2Fwp%2Fv2%2Ftags&post=8309"}],"curies":[{"name":"wp","href":"https:\/\/api.w.org\/{rel}","templated":true}]}}