{"id":8281,"date":"2023-07-29T15:57:11","date_gmt":"2023-07-29T13:57:11","guid":{"rendered":"https:\/\/www.comitenervo.fr\/?p=8281"},"modified":"2024-01-06T22:43:02","modified_gmt":"2024-01-06T21:43:02","slug":"retour-sur-la-brocante","status":"publish","type":"post","link":"https:\/\/www.comitenervo.fr\/?p=8281","title":{"rendered":"RETOUR SUR LA BROCANTE."},"content":{"rendered":"<p>Malgr\u00e9 un soleil souvent absent, la brocante s&rsquo;est d\u00e9roul\u00e9ee sans une goutte de pluie et c&rsquo;est le principal&nbsp; .<\/p>\n<p>Comme d&rsquo;habitude, beaucoup de vendeurs et aussi beaucoup d&rsquo;acheteurs potentiels.&nbsp;<\/p>\n<p>La buvette a bien fonctionn\u00e9&nbsp; ainsi que la restauration: plus de 75kg de frites ont pass\u00e9 par les friteuses de Lucie.<\/p>\n<p>Donc une \u00ab\u00a0tr\u00e8s\u00a0\u00bb bonne journ\u00e9e pour les vendeurs et aussi pour notre association.<\/p>\n<p>Enfin,&nbsp; remerciements \u00e0 Mme Zimmer Nad\u00e8ge qui a offert une encyclop\u00e9die \u00e0 notre comit\u00e9.<\/p>\n<div id=\"attachment_8282\" style=\"width: 160px\" class=\"wp-caption alignleft\"><a href=\"https:\/\/www.comitenervo.fr\/wp-content\/uploads\/2023\/07\/broctiti1-scaled.jpg\"><img loading=\"lazy\" decoding=\"async\" aria-describedby=\"caption-attachment-8282\" class=\"size-thumbnail wp-image-8282\" src=\"https:\/\/www.comitenervo.fr\/wp-content\/uploads\/2023\/07\/broctiti1-150x150.jpg\" alt=\"\" width=\"150\" height=\"150\"><\/a><p id=\"caption-attachment-8282\" class=\"wp-caption-text\">Encyclop\u00e9die offerte&nbsp; au comit\u00e9 par un vendeur.&nbsp; &nbsp; &nbsp; &nbsp; &nbsp; &nbsp; &nbsp; &nbsp; &nbsp; &nbsp; &nbsp; &nbsp; &nbsp; &nbsp; &nbsp; &nbsp; &nbsp; &nbsp; &nbsp; &nbsp; &nbsp; &nbsp; &nbsp; &nbsp; &nbsp; &nbsp; &nbsp;&nbsp;<\/p><\/div>\n<div id=\"attachment_8283\" style=\"width: 160px\" class=\"wp-caption aligncenter\"><a href=\"https:\/\/www.comitenervo.fr\/wp-content\/uploads\/2023\/07\/brocclaire1.jpg\"><img loading=\"lazy\" decoding=\"async\" aria-describedby=\"caption-attachment-8283\" class=\"size-thumbnail wp-image-8283\" src=\"https:\/\/www.comitenervo.fr\/wp-content\/uploads\/2023\/07\/brocclaire1-150x150.jpg\" alt=\"\" width=\"150\" height=\"150\"><\/a><p id=\"caption-attachment-8283\" class=\"wp-caption-text\">Beaucoup de monde.<\/p><\/div>\n<div id=\"attachment_8284\" style=\"width: 160px\" class=\"wp-caption alignright\"><a href=\"https:\/\/www.comitenervo.fr\/wp-content\/uploads\/2023\/07\/broc2-scaled.jpg\"><img loading=\"lazy\" decoding=\"async\" aria-describedby=\"caption-attachment-8284\" class=\"size-thumbnail wp-image-8284\" src=\"https:\/\/www.comitenervo.fr\/wp-content\/uploads\/2023\/07\/broc2-150x150.jpg\" alt=\"\" width=\"150\" height=\"150\"><\/a><p id=\"caption-attachment-8284\" class=\"wp-caption-text\">Isabelle Zawieja,toujours pr\u00e9sente.<\/p><\/div>\n","protected":false},"excerpt":{"rendered":"<p>Malgr\u00e9 un soleil souvent absent, la brocante s&rsquo;est d\u00e9roul\u00e9ee sans une goutte de pluie et c&rsquo;est le principal&nbsp; . Comme d&rsquo;habitude, beaucoup de vendeurs et aussi beaucoup d&rsquo;acheteurs potentiels.&nbsp; La buvette a bien fonctionn\u00e9&nbsp; ainsi que la restauration: plus de &hellip; <a href=\"https:\/\/www.comitenervo.fr\/?p=8281\">Continuer la lecture <span class=\"meta-nav\">&rarr;<\/span><\/a><\/p>\n","protected":false},"author":2,"featured_media":0,"comment_status":"open","ping_status":"open","sticky":false,"template":"","format":"standard","meta":{"_monsterinsights_skip_tracking":false,"_monsterinsights_sitenote_active":false,"_monsterinsights_sitenote_note":"","_monsterinsights_sitenote_category":0,"ngg_post_thumbnail":0,"footnotes":""},"categories":[9,6],"tags":[],"class_list":["post-8281","post","type-post","status-publish","format-standard","hentry","category-evenement","category-vie-de-la-cite"],"_links":{"self":[{"href":"https:\/\/www.comitenervo.fr\/index.php?rest_route=\/wp\/v2\/posts\/8281","targetHints":{"allow":["GET"]}}],"collection":[{"href":"https:\/\/www.comitenervo.fr\/index.php?rest_route=\/wp\/v2\/posts"}],"about":[{"href":"https:\/\/www.comitenervo.fr\/index.php?rest_route=\/wp\/v2\/types\/post"}],"author":[{"embeddable":true,"href":"https:\/\/www.comitenervo.fr\/index.php?rest_route=\/wp\/v2\/users\/2"}],"replies":[{"embeddable":true,"href":"https:\/\/www.comitenervo.fr\/index.php?rest_route=%2Fwp%2Fv2%2Fcomments&post=8281"}],"version-history":[{"count":4,"href":"https:\/\/www.comitenervo.fr\/index.php?rest_route=\/wp\/v2\/posts\/8281\/revisions"}],"predecessor-version":[{"id":8288,"href":"https:\/\/www.comitenervo.fr\/index.php?rest_route=\/wp\/v2\/posts\/8281\/revisions\/8288"}],"wp:attachment":[{"href":"https:\/\/www.comitenervo.fr\/index.php?rest_route=%2Fwp%2Fv2%2Fmedia&parent=8281"}],"wp:term":[{"taxonomy":"category","embeddable":true,"href":"https:\/\/www.comitenervo.fr\/index.php?rest_route=%2Fwp%2Fv2%2Fcategories&post=8281"},{"taxonomy":"post_tag","embeddable":true,"href":"https:\/\/www.comitenervo.fr\/index.php?rest_route=%2Fwp%2Fv2%2Ftags&post=8281"}],"curies":[{"name":"wp","href":"https:\/\/api.w.org\/{rel}","templated":true}]}}