{"id":8231,"date":"2023-05-23T20:46:37","date_gmt":"2023-05-23T18:46:37","guid":{"rendered":"https:\/\/www.comitenervo.fr\/?p=8231"},"modified":"2024-01-06T22:42:39","modified_gmt":"2024-01-06T21:42:39","slug":"a-vos-agendas-2","status":"publish","type":"post","link":"https:\/\/www.comitenervo.fr\/?p=8231","title":{"rendered":"A VOS AGENDAS."},"content":{"rendered":"<p>La brocante de la cit\u00e9 Nervo est programm\u00e9e le dimanche 2 juillet de 8h00 \u00e0 16h00.<\/p>\n<p>Vous pouvez vous inscrire les mercredis de 14h00 \u00e0 17h00 et les samedis de 10h00 \u00e0 12h00 au local associatif, 21 all\u00e9e Nervo.<\/p>\n<p>Renseignements au 06\/63\/59\/23\/04 ou au 06\/63\/35\/82\/82.<\/p>\n<p>&nbsp; &nbsp; &nbsp; &nbsp; &nbsp; &nbsp; &nbsp; &nbsp; &nbsp; &nbsp; &nbsp; &nbsp; &nbsp; &nbsp; &nbsp; &nbsp; &nbsp; &nbsp; &nbsp; &nbsp; &nbsp; &nbsp; &nbsp; &nbsp; &nbsp; &nbsp; &nbsp; <a href=\"https:\/\/www.comitenervo.fr\/wp-content\/uploads\/2023\/05\/inscrip-brocante23-1.jpg\"><img loading=\"lazy\" decoding=\"async\" class=\"aligncenter size-medium wp-image-8237\" src=\"https:\/\/www.comitenervo.fr\/wp-content\/uploads\/2023\/05\/inscrip-brocante23-1-218x300.jpg\" alt=\"\" width=\"218\" height=\"300\" srcset=\"https:\/\/www.comitenervo.fr\/wp-content\/uploads\/2023\/05\/inscrip-brocante23-1-218x300.jpg 218w, https:\/\/www.comitenervo.fr\/wp-content\/uploads\/2023\/05\/inscrip-brocante23-1-745x1024.jpg 745w, https:\/\/www.comitenervo.fr\/wp-content\/uploads\/2023\/05\/inscrip-brocante23-1-768x1056.jpg 768w, https:\/\/www.comitenervo.fr\/wp-content\/uploads\/2023\/05\/inscrip-brocante23-1-1117x1536.jpg 1117w, https:\/\/www.comitenervo.fr\/wp-content\/uploads\/2023\/05\/inscrip-brocante23-1-1489x2048.jpg 1489w, https:\/\/www.comitenervo.fr\/wp-content\/uploads\/2023\/05\/inscrip-brocante23-1.jpg 1700w\" sizes=\"auto, (max-width: 218px) 100vw, 218px\" \/><\/a><\/p>\n","protected":false},"excerpt":{"rendered":"<p>La brocante de la cit\u00e9 Nervo est programm\u00e9e le dimanche 2 juillet de 8h00 \u00e0 16h00. Vous pouvez vous inscrire les mercredis de 14h00 \u00e0 17h00 et les samedis de 10h00 \u00e0 12h00 au local associatif, 21 all\u00e9e Nervo. Renseignements &hellip; <a href=\"https:\/\/www.comitenervo.fr\/?p=8231\">Continuer la lecture <span class=\"meta-nav\">&rarr;<\/span><\/a><\/p>\n","protected":false},"author":2,"featured_media":0,"comment_status":"open","ping_status":"open","sticky":false,"template":"","format":"standard","meta":{"_monsterinsights_skip_tracking":false,"_monsterinsights_sitenote_active":false,"_monsterinsights_sitenote_note":"","_monsterinsights_sitenote_category":0,"ngg_post_thumbnail":0,"footnotes":""},"categories":[9,6],"tags":[],"class_list":["post-8231","post","type-post","status-publish","format-standard","hentry","category-evenement","category-vie-de-la-cite"],"_links":{"self":[{"href":"https:\/\/www.comitenervo.fr\/index.php?rest_route=\/wp\/v2\/posts\/8231","targetHints":{"allow":["GET"]}}],"collection":[{"href":"https:\/\/www.comitenervo.fr\/index.php?rest_route=\/wp\/v2\/posts"}],"about":[{"href":"https:\/\/www.comitenervo.fr\/index.php?rest_route=\/wp\/v2\/types\/post"}],"author":[{"embeddable":true,"href":"https:\/\/www.comitenervo.fr\/index.php?rest_route=\/wp\/v2\/users\/2"}],"replies":[{"embeddable":true,"href":"https:\/\/www.comitenervo.fr\/index.php?rest_route=%2Fwp%2Fv2%2Fcomments&post=8231"}],"version-history":[{"count":3,"href":"https:\/\/www.comitenervo.fr\/index.php?rest_route=\/wp\/v2\/posts\/8231\/revisions"}],"predecessor-version":[{"id":8238,"href":"https:\/\/www.comitenervo.fr\/index.php?rest_route=\/wp\/v2\/posts\/8231\/revisions\/8238"}],"wp:attachment":[{"href":"https:\/\/www.comitenervo.fr\/index.php?rest_route=%2Fwp%2Fv2%2Fmedia&parent=8231"}],"wp:term":[{"taxonomy":"category","embeddable":true,"href":"https:\/\/www.comitenervo.fr\/index.php?rest_route=%2Fwp%2Fv2%2Fcategories&post=8231"},{"taxonomy":"post_tag","embeddable":true,"href":"https:\/\/www.comitenervo.fr\/index.php?rest_route=%2Fwp%2Fv2%2Ftags&post=8231"}],"curies":[{"name":"wp","href":"https:\/\/api.w.org\/{rel}","templated":true}]}}