{"id":8208,"date":"2023-04-09T10:38:21","date_gmt":"2023-04-09T08:38:21","guid":{"rendered":"https:\/\/www.comitenervo.fr\/?p=8208"},"modified":"2024-01-06T22:41:52","modified_gmt":"2024-01-06T21:41:52","slug":"atelier-enfants-enfants","status":"publish","type":"post","link":"https:\/\/www.comitenervo.fr\/?p=8208","title":{"rendered":"ATELIER \u00ab\u00a0ENFANTS-PARENTS\u00a0\u00bb."},"content":{"rendered":"<p>Claire, aid\u00e9e par Gwenaelle et Christel, a repris les ateliers d\u00e9di\u00e9es aux enfants, et ce samedi le th\u00e8me \u00e9tait P\u00e2ques, ses oeufs, ses chocolats.<\/p>\n<p>Les enfants, aid\u00e9s (un peu) par leurs parents ont confectionn\u00e9 un tr\u00e8s joli panier qu&rsquo;ils ont r\u00e9cup\u00e9r\u00e9 \u00e0 la fin de la s\u00e9ance.<\/p>\n<p>Bravo \u00e0 tous .<\/p>\n<div id=\"attachment_8209\" style=\"width: 310px\" class=\"wp-caption aligncenter\"><a href=\"https:\/\/www.comitenervo.fr\/wp-content\/uploads\/2023\/04\/ENFANTS1-scaled.jpg\"><img loading=\"lazy\" decoding=\"async\" aria-describedby=\"caption-attachment-8209\" class=\"size-medium wp-image-8209\" src=\"https:\/\/www.comitenervo.fr\/wp-content\/uploads\/2023\/04\/ENFANTS1-300x225.jpg\" alt=\"\" width=\"300\" height=\"225\" srcset=\"https:\/\/www.comitenervo.fr\/wp-content\/uploads\/2023\/04\/ENFANTS1-300x225.jpg 300w, https:\/\/www.comitenervo.fr\/wp-content\/uploads\/2023\/04\/ENFANTS1-1024x768.jpg 1024w, https:\/\/www.comitenervo.fr\/wp-content\/uploads\/2023\/04\/ENFANTS1-768x576.jpg 768w, https:\/\/www.comitenervo.fr\/wp-content\/uploads\/2023\/04\/ENFANTS1-1536x1152.jpg 1536w, https:\/\/www.comitenervo.fr\/wp-content\/uploads\/2023\/04\/ENFANTS1-2048x1536.jpg 2048w, https:\/\/www.comitenervo.fr\/wp-content\/uploads\/2023\/04\/ENFANTS1-400x300.jpg 400w\" sizes=\"auto, (max-width: 300px) 100vw, 300px\" \/><\/a><p id=\"caption-attachment-8209\" class=\"wp-caption-text\">Les participants.<\/p><\/div>\n<div id=\"attachment_8223\" style=\"width: 160px\" class=\"wp-caption aligncenter\"><a href=\"https:\/\/www.comitenervo.fr\/wp-content\/uploads\/2023\/04\/claire1-scaled.jpg\"><img loading=\"lazy\" decoding=\"async\" aria-describedby=\"caption-attachment-8223\" class=\"size-thumbnail wp-image-8223\" src=\"https:\/\/www.comitenervo.fr\/wp-content\/uploads\/2023\/04\/claire1-150x150.jpg\" alt=\"\" width=\"150\" height=\"150\"><\/a><p id=\"caption-attachment-8223\" class=\"wp-caption-text\">les participants<\/p><\/div>\n<div id=\"attachment_8225\" style=\"width: 160px\" class=\"wp-caption alignright\"><a href=\"https:\/\/www.comitenervo.fr\/wp-content\/uploads\/2023\/04\/claire2-scaled.jpg\"><img loading=\"lazy\" decoding=\"async\" aria-describedby=\"caption-attachment-8225\" class=\"size-thumbnail wp-image-8225\" src=\"https:\/\/www.comitenervo.fr\/wp-content\/uploads\/2023\/04\/claire2-150x150.jpg\" alt=\"\" width=\"150\" height=\"150\"><\/a><p id=\"caption-attachment-8225\" class=\"wp-caption-text\">les paniers r\u00e9alis\u00e9s.<\/p><\/div>\n","protected":false},"excerpt":{"rendered":"<p>Claire, aid\u00e9e par Gwenaelle et Christel, a repris les ateliers d\u00e9di\u00e9es aux enfants, et ce samedi le th\u00e8me \u00e9tait P\u00e2ques, ses oeufs, ses chocolats. Les enfants, aid\u00e9s (un peu) par leurs parents ont confectionn\u00e9 un tr\u00e8s joli panier qu&rsquo;ils ont &hellip; <a href=\"https:\/\/www.comitenervo.fr\/?p=8208\">Continuer la lecture <span class=\"meta-nav\">&rarr;<\/span><\/a><\/p>\n","protected":false},"author":2,"featured_media":0,"comment_status":"open","ping_status":"open","sticky":false,"template":"","format":"standard","meta":{"_monsterinsights_skip_tracking":false,"_monsterinsights_sitenote_active":false,"_monsterinsights_sitenote_note":"","_monsterinsights_sitenote_category":0,"ngg_post_thumbnail":0,"footnotes":""},"categories":[9,12],"tags":[],"class_list":["post-8208","post","type-post","status-publish","format-standard","hentry","category-evenement","category-local-de-la-cite"],"_links":{"self":[{"href":"https:\/\/www.comitenervo.fr\/index.php?rest_route=\/wp\/v2\/posts\/8208","targetHints":{"allow":["GET"]}}],"collection":[{"href":"https:\/\/www.comitenervo.fr\/index.php?rest_route=\/wp\/v2\/posts"}],"about":[{"href":"https:\/\/www.comitenervo.fr\/index.php?rest_route=\/wp\/v2\/types\/post"}],"author":[{"embeddable":true,"href":"https:\/\/www.comitenervo.fr\/index.php?rest_route=\/wp\/v2\/users\/2"}],"replies":[{"embeddable":true,"href":"https:\/\/www.comitenervo.fr\/index.php?rest_route=%2Fwp%2Fv2%2Fcomments&post=8208"}],"version-history":[{"count":5,"href":"https:\/\/www.comitenervo.fr\/index.php?rest_route=\/wp\/v2\/posts\/8208\/revisions"}],"predecessor-version":[{"id":8226,"href":"https:\/\/www.comitenervo.fr\/index.php?rest_route=\/wp\/v2\/posts\/8208\/revisions\/8226"}],"wp:attachment":[{"href":"https:\/\/www.comitenervo.fr\/index.php?rest_route=%2Fwp%2Fv2%2Fmedia&parent=8208"}],"wp:term":[{"taxonomy":"category","embeddable":true,"href":"https:\/\/www.comitenervo.fr\/index.php?rest_route=%2Fwp%2Fv2%2Fcategories&post=8208"},{"taxonomy":"post_tag","embeddable":true,"href":"https:\/\/www.comitenervo.fr\/index.php?rest_route=%2Fwp%2Fv2%2Ftags&post=8208"}],"curies":[{"name":"wp","href":"https:\/\/api.w.org\/{rel}","templated":true}]}}