{"id":8167,"date":"2023-02-05T15:03:33","date_gmt":"2023-02-05T14:03:33","guid":{"rendered":"https:\/\/www.comitenervo.fr\/?p=8167"},"modified":"2024-01-06T22:40:19","modified_gmt":"2024-01-06T21:40:19","slug":"assemblee-generale-2023","status":"publish","type":"post","link":"https:\/\/www.comitenervo.fr\/?p=8167","title":{"rendered":"ASSEMBLEE GENERALE 2023"},"content":{"rendered":"<p>L&rsquo;assembl\u00e9e g\u00e9n\u00e9rale qui s&rsquo;est d\u00e9roul\u00e9e ce samedi 28 janvier 2023 au local associatif marquait la fin&nbsp; de nombreuses ann\u00e9es de b\u00e9n\u00e9volat&nbsp; pour 6 membres du comit\u00e9: Nadine et Daniel Wuilbeaux,&nbsp; Raymond Lh\u00e9risson,Jean-Pierre Barbieux, Marianne Wydrzinski, G\u00e9rard Milli\u00e9.<\/p>\n<p>Pas de probl\u00e8mes relationnels, mais simplement une volont\u00e9 de passer le relais. Encore un grand merci \u00e0 eux.<\/p>\n<p>Cette assembl\u00e9e s&rsquo;est d\u00e9roul\u00e9e en pr\u00e9sence de Mr Chenu d\u00e9put\u00e9, Mr W\u00e9ry conseiller d\u00e9l\u00e9gu\u00e9 aux quartiers et devant une cinquantaine de personnes.<\/p>\n<p>Les diff\u00e9rents bilans ont \u00e9t\u00e9 adopt\u00e9s, et Mr Fontaine pr\u00e9sident a re\u00e7u la candidature de 4 personnes pour renforcer le comit\u00e8.<\/p>\n<p>Mrs Chenu et W\u00e9ry f\u00e9licit\u00e8rent le pr\u00e9sident Michel Fontaine et son comit\u00e9 pour leur travail et lui assur\u00e9rent de leurs soutiens.<\/p>\n<p>Lors de la prochaine r\u00e9union du comit\u00e9, les&nbsp; membres&nbsp; proc\u00e9deront, selon les statuts, \u00e0 l&rsquo;\u00e9lection du pr\u00e9sident,du secr\u00e9taire et du tr\u00e9sorier et \u00e9xamineront la candidature des 4 personnes qui ont souhait\u00e9 int\u00e9grer le bureau.<\/p>\n<div id=\"attachment_8168\" style=\"width: 160px\" class=\"wp-caption alignleft\"><a href=\"https:\/\/www.comitenervo.fr\/wp-content\/uploads\/2023\/02\/ag1chenu1.jpg\"><img loading=\"lazy\" decoding=\"async\" aria-describedby=\"caption-attachment-8168\" class=\"size-thumbnail wp-image-8168\" src=\"https:\/\/www.comitenervo.fr\/wp-content\/uploads\/2023\/02\/ag1chenu1-150x150.jpg\" alt=\"\" width=\"150\" height=\"150\"><\/a><p id=\"caption-attachment-8168\" class=\"wp-caption-text\">Mr Chenu,d\u00e9put\u00e9<\/p><\/div>\n<div id=\"attachment_8169\" style=\"width: 160px\" class=\"wp-caption aligncenter\"><a href=\"https:\/\/www.comitenervo.fr\/wp-content\/uploads\/2023\/02\/ag2public-scaled.jpg\"><img loading=\"lazy\" decoding=\"async\" aria-describedby=\"caption-attachment-8169\" class=\"size-thumbnail wp-image-8169\" src=\"https:\/\/www.comitenervo.fr\/wp-content\/uploads\/2023\/02\/ag2public-150x150.jpg\" alt=\"\" width=\"150\" height=\"150\"><\/a><p id=\"caption-attachment-8169\" class=\"wp-caption-text\">Les adh\u00e9rents<\/p><\/div>\n<div id=\"attachment_8175\" style=\"width: 160px\" class=\"wp-caption alignright\"><a href=\"https:\/\/www.comitenervo.fr\/wp-content\/uploads\/2023\/02\/wer.jpg\"><img loading=\"lazy\" decoding=\"async\" aria-describedby=\"caption-attachment-8175\" class=\"size-thumbnail wp-image-8175\" src=\"https:\/\/www.comitenervo.fr\/wp-content\/uploads\/2023\/02\/wer-150x150.jpg\" alt=\"\" width=\"150\" height=\"150\"><\/a><p id=\"caption-attachment-8175\" class=\"wp-caption-text\">Mr W\u00e9ry,conseiller<\/p><\/div>\n<p>&nbsp;<\/p>\n<p>&nbsp;<\/p>\n<p>&nbsp;<\/p>\n<p>&nbsp;<\/p>\n<p>&nbsp;<\/p>\n<div id=\"attachment_8179\" style=\"width: 160px\" class=\"wp-caption alignleft\"><a href=\"https:\/\/www.comitenervo.fr\/wp-content\/uploads\/2023\/02\/MICHELDANIELAG-scaled.jpg\"><img loading=\"lazy\" decoding=\"async\" aria-describedby=\"caption-attachment-8179\" class=\"size-thumbnail wp-image-8179\" src=\"https:\/\/www.comitenervo.fr\/wp-content\/uploads\/2023\/02\/MICHELDANIELAG-150x150.jpg\" alt=\"\" width=\"150\" height=\"150\"><\/a><p id=\"caption-attachment-8179\" class=\"wp-caption-text\">Michel Fontaine<\/p><\/div>\n<p>&nbsp;<\/p>\n","protected":false},"excerpt":{"rendered":"<p>L&rsquo;assembl\u00e9e g\u00e9n\u00e9rale qui s&rsquo;est d\u00e9roul\u00e9e ce samedi 28 janvier 2023 au local associatif marquait la fin&nbsp; de nombreuses ann\u00e9es de b\u00e9n\u00e9volat&nbsp; pour 6 membres du comit\u00e9: Nadine et Daniel Wuilbeaux,&nbsp; Raymond Lh\u00e9risson,Jean-Pierre Barbieux, Marianne Wydrzinski, G\u00e9rard Milli\u00e9. Pas de probl\u00e8mes &hellip; <a href=\"https:\/\/www.comitenervo.fr\/?p=8167\">Continuer la lecture <span class=\"meta-nav\">&rarr;<\/span><\/a><\/p>\n","protected":false},"author":2,"featured_media":0,"comment_status":"open","ping_status":"open","sticky":false,"template":"","format":"standard","meta":{"_monsterinsights_skip_tracking":false,"_monsterinsights_sitenote_active":false,"_monsterinsights_sitenote_note":"","_monsterinsights_sitenote_category":0,"ngg_post_thumbnail":0,"footnotes":""},"categories":[9,12],"tags":[],"class_list":["post-8167","post","type-post","status-publish","format-standard","hentry","category-evenement","category-local-de-la-cite"],"_links":{"self":[{"href":"https:\/\/www.comitenervo.fr\/index.php?rest_route=\/wp\/v2\/posts\/8167","targetHints":{"allow":["GET"]}}],"collection":[{"href":"https:\/\/www.comitenervo.fr\/index.php?rest_route=\/wp\/v2\/posts"}],"about":[{"href":"https:\/\/www.comitenervo.fr\/index.php?rest_route=\/wp\/v2\/types\/post"}],"author":[{"embeddable":true,"href":"https:\/\/www.comitenervo.fr\/index.php?rest_route=\/wp\/v2\/users\/2"}],"replies":[{"embeddable":true,"href":"https:\/\/www.comitenervo.fr\/index.php?rest_route=%2Fwp%2Fv2%2Fcomments&post=8167"}],"version-history":[{"count":4,"href":"https:\/\/www.comitenervo.fr\/index.php?rest_route=\/wp\/v2\/posts\/8167\/revisions"}],"predecessor-version":[{"id":8181,"href":"https:\/\/www.comitenervo.fr\/index.php?rest_route=\/wp\/v2\/posts\/8167\/revisions\/8181"}],"wp:attachment":[{"href":"https:\/\/www.comitenervo.fr\/index.php?rest_route=%2Fwp%2Fv2%2Fmedia&parent=8167"}],"wp:term":[{"taxonomy":"category","embeddable":true,"href":"https:\/\/www.comitenervo.fr\/index.php?rest_route=%2Fwp%2Fv2%2Fcategories&post=8167"},{"taxonomy":"post_tag","embeddable":true,"href":"https:\/\/www.comitenervo.fr\/index.php?rest_route=%2Fwp%2Fv2%2Ftags&post=8167"}],"curies":[{"name":"wp","href":"https:\/\/api.w.org\/{rel}","templated":true}]}}