{"id":8160,"date":"2023-01-15T15:38:19","date_gmt":"2023-01-15T14:38:19","guid":{"rendered":"https:\/\/www.comitenervo.fr\/?p=8160"},"modified":"2024-01-06T22:40:11","modified_gmt":"2024-01-06T21:40:11","slug":"assemblee-generale-7","status":"publish","type":"post","link":"https:\/\/www.comitenervo.fr\/?p=8160","title":{"rendered":"ASSEMBLEE GENERALE."},"content":{"rendered":"<p>L&rsquo;assembl\u00e9e g\u00e9n\u00e9rale du comit\u00e9 des f\u00eates de la cit\u00e9 Nervo aura lieu le samedi 28 janvier 2023 \u00e0 10h00, au local associatif situ\u00e9 au 21 all\u00e9e Nervo.<\/p>\n<p>Plus que les autres ann\u00e9es, cette AG aura une importance particuli\u00e8re car 6 des 13 membres du comit\u00e9 d\u00e9missionnent.<\/p>\n<p>&nbsp;Pour la plupart ces membres de plus de <a href=\"https:\/\/www.comitenervo.fr\/wp-content\/uploads\/2023\/01\/ag1.jpg\"><img loading=\"lazy\" decoding=\"async\" class=\"alignright size-thumbnail wp-image-8163\" src=\"https:\/\/www.comitenervo.fr\/wp-content\/uploads\/2023\/01\/ag1-150x150.jpg\" alt=\"\" width=\"150\" height=\"150\"><\/a>70 ans&nbsp; ressentent une certaine lassitude et&nbsp; ont aussi des probl\u00e8mes de sant\u00e9.<\/p>\n<p>Avis aux personnes motiv\u00e9es et disponibles.<\/p>\n<p><a href=\"https:\/\/www.comitenervo.fr\/wp-content\/uploads\/2023\/01\/ag2.jpg\"><img loading=\"lazy\" decoding=\"async\" class=\"alignright size-thumbnail wp-image-8164\" src=\"https:\/\/www.comitenervo.fr\/wp-content\/uploads\/2023\/01\/ag2-150x150.jpg\" alt=\"\" width=\"150\" height=\"150\"><\/a><\/p>\n","protected":false},"excerpt":{"rendered":"<p>L&rsquo;assembl\u00e9e g\u00e9n\u00e9rale du comit\u00e9 des f\u00eates de la cit\u00e9 Nervo aura lieu le samedi 28 janvier 2023 \u00e0 10h00, au local associatif situ\u00e9 au 21 all\u00e9e Nervo. Plus que les autres ann\u00e9es, cette AG aura une importance particuli\u00e8re car 6 &hellip; <a href=\"https:\/\/www.comitenervo.fr\/?p=8160\">Continuer la lecture <span class=\"meta-nav\">&rarr;<\/span><\/a><\/p>\n","protected":false},"author":2,"featured_media":0,"comment_status":"open","ping_status":"open","sticky":false,"template":"","format":"standard","meta":{"_monsterinsights_skip_tracking":false,"_monsterinsights_sitenote_active":false,"_monsterinsights_sitenote_note":"","_monsterinsights_sitenote_category":0,"ngg_post_thumbnail":0,"footnotes":""},"categories":[9,12],"tags":[],"class_list":["post-8160","post","type-post","status-publish","format-standard","hentry","category-evenement","category-local-de-la-cite"],"_links":{"self":[{"href":"https:\/\/www.comitenervo.fr\/index.php?rest_route=\/wp\/v2\/posts\/8160","targetHints":{"allow":["GET"]}}],"collection":[{"href":"https:\/\/www.comitenervo.fr\/index.php?rest_route=\/wp\/v2\/posts"}],"about":[{"href":"https:\/\/www.comitenervo.fr\/index.php?rest_route=\/wp\/v2\/types\/post"}],"author":[{"embeddable":true,"href":"https:\/\/www.comitenervo.fr\/index.php?rest_route=\/wp\/v2\/users\/2"}],"replies":[{"embeddable":true,"href":"https:\/\/www.comitenervo.fr\/index.php?rest_route=%2Fwp%2Fv2%2Fcomments&post=8160"}],"version-history":[{"count":3,"href":"https:\/\/www.comitenervo.fr\/index.php?rest_route=\/wp\/v2\/posts\/8160\/revisions"}],"predecessor-version":[{"id":8165,"href":"https:\/\/www.comitenervo.fr\/index.php?rest_route=\/wp\/v2\/posts\/8160\/revisions\/8165"}],"wp:attachment":[{"href":"https:\/\/www.comitenervo.fr\/index.php?rest_route=%2Fwp%2Fv2%2Fmedia&parent=8160"}],"wp:term":[{"taxonomy":"category","embeddable":true,"href":"https:\/\/www.comitenervo.fr\/index.php?rest_route=%2Fwp%2Fv2%2Fcategories&post=8160"},{"taxonomy":"post_tag","embeddable":true,"href":"https:\/\/www.comitenervo.fr\/index.php?rest_route=%2Fwp%2Fv2%2Ftags&post=8160"}],"curies":[{"name":"wp","href":"https:\/\/api.w.org\/{rel}","templated":true}]}}