{"id":8114,"date":"2022-12-11T11:09:40","date_gmt":"2022-12-11T10:09:40","guid":{"rendered":"https:\/\/www.comitenervo.fr\/?p=8114"},"modified":"2024-01-06T22:40:03","modified_gmt":"2024-01-06T21:40:03","slug":"noel-au-local","status":"publish","type":"post","link":"https:\/\/www.comitenervo.fr\/?p=8114","title":{"rendered":"NO\u00cbL AU LOCAL."},"content":{"rendered":"<p>Le local associatif est devenu la maison du&nbsp; P\u00e8re No\u00ebl.<\/p>\n<p>En effet,gr\u00e2ce \u00e0 Claire, Joris,&nbsp; Christel, les parents et enfants de l&rsquo;atelier \u00ab\u00a0enfants-parents\u00a0\u00bb, des d\u00e9corations \u00e0 base de palettes embellissent le local associatif.<\/p>\n<p>Pas beaucoup d&rsquo;argent mais beaucoup de go\u00fbt,<a href=\"https:\/\/www.comitenervo.fr\/wp-content\/uploads\/2022\/12\/COURNOEL22-scaled.jpg\"><img loading=\"lazy\" decoding=\"async\" class=\"alignleft size-thumbnail wp-image-8115\" src=\"https:\/\/www.comitenervo.fr\/wp-content\/uploads\/2022\/12\/COURNOEL22-150x150.jpg\" alt=\"\" width=\"150\" height=\"150\"><\/a> de bonne volont\u00e9 et le r\u00e9sultat est magnifique !!!!!!<\/p>\n<p>&nbsp;<\/p>\n<p><a href=\"https:\/\/www.comitenervo.fr\/wp-content\/uploads\/2022\/12\/LOCALDECO22-scaled.jpg\"><img loading=\"lazy\" decoding=\"async\" class=\"aligncenter size-thumbnail wp-image-8116\" src=\"https:\/\/www.comitenervo.fr\/wp-content\/uploads\/2022\/12\/LOCALDECO22-150x150.jpg\" alt=\"\" width=\"150\" height=\"150\"><\/a><a href=\"https:\/\/www.comitenervo.fr\/wp-content\/uploads\/2022\/12\/LOCALPARENTSDECO22-scaled.jpg\"><img loading=\"lazy\" decoding=\"async\" class=\"alignright size-thumbnail wp-image-8117\" src=\"https:\/\/www.comitenervo.fr\/wp-content\/uploads\/2022\/12\/LOCALPARENTSDECO22-150x150.jpg\" alt=\"\" width=\"150\" height=\"150\"><\/a><a href=\"https:\/\/www.comitenervo.fr\/wp-content\/uploads\/2022\/12\/CHRISTEL22-scaled.jpg\"><img loading=\"lazy\" decoding=\"async\" class=\"alignright size-thumbnail wp-image-8118\" src=\"https:\/\/www.comitenervo.fr\/wp-content\/uploads\/2022\/12\/CHRISTEL22-150x150.jpg\" alt=\"\" width=\"150\" height=\"150\"><\/a><a href=\"https:\/\/www.comitenervo.fr\/wp-content\/uploads\/2022\/12\/DEVANTNOEL22-scaled.jpg\"><img loading=\"lazy\" decoding=\"async\" class=\"aligncenter size-thumbnail wp-image-8120\" src=\"https:\/\/www.comitenervo.fr\/wp-content\/uploads\/2022\/12\/DEVANTNOEL22-150x150.jpg\" alt=\"\" width=\"150\" height=\"150\"><\/a><a href=\"https:\/\/www.comitenervo.fr\/wp-content\/uploads\/2022\/12\/titine-local-scaled.jpg\"><img loading=\"lazy\" decoding=\"async\" class=\"alignright size-thumbnail wp-image-8121\" src=\"https:\/\/www.comitenervo.fr\/wp-content\/uploads\/2022\/12\/titine-local-150x150.jpg\" alt=\"\" width=\"150\" height=\"150\"><\/a><\/p>\n","protected":false},"excerpt":{"rendered":"<p>Le local associatif est devenu la maison du&nbsp; P\u00e8re No\u00ebl. En effet,gr\u00e2ce \u00e0 Claire, Joris,&nbsp; Christel, les parents et enfants de l&rsquo;atelier \u00ab\u00a0enfants-parents\u00a0\u00bb, des d\u00e9corations \u00e0 base de palettes embellissent le local associatif. Pas beaucoup d&rsquo;argent mais beaucoup de go\u00fbt, &hellip; <a href=\"https:\/\/www.comitenervo.fr\/?p=8114\">Continuer la lecture <span class=\"meta-nav\">&rarr;<\/span><\/a><\/p>\n","protected":false},"author":2,"featured_media":0,"comment_status":"open","ping_status":"open","sticky":false,"template":"","format":"standard","meta":{"_monsterinsights_skip_tracking":false,"_monsterinsights_sitenote_active":false,"_monsterinsights_sitenote_note":"","_monsterinsights_sitenote_category":0,"ngg_post_thumbnail":0,"footnotes":""},"categories":[12,6],"tags":[],"class_list":["post-8114","post","type-post","status-publish","format-standard","hentry","category-local-de-la-cite","category-vie-de-la-cite"],"_links":{"self":[{"href":"https:\/\/www.comitenervo.fr\/index.php?rest_route=\/wp\/v2\/posts\/8114","targetHints":{"allow":["GET"]}}],"collection":[{"href":"https:\/\/www.comitenervo.fr\/index.php?rest_route=\/wp\/v2\/posts"}],"about":[{"href":"https:\/\/www.comitenervo.fr\/index.php?rest_route=\/wp\/v2\/types\/post"}],"author":[{"embeddable":true,"href":"https:\/\/www.comitenervo.fr\/index.php?rest_route=\/wp\/v2\/users\/2"}],"replies":[{"embeddable":true,"href":"https:\/\/www.comitenervo.fr\/index.php?rest_route=%2Fwp%2Fv2%2Fcomments&post=8114"}],"version-history":[{"count":2,"href":"https:\/\/www.comitenervo.fr\/index.php?rest_route=\/wp\/v2\/posts\/8114\/revisions"}],"predecessor-version":[{"id":8123,"href":"https:\/\/www.comitenervo.fr\/index.php?rest_route=\/wp\/v2\/posts\/8114\/revisions\/8123"}],"wp:attachment":[{"href":"https:\/\/www.comitenervo.fr\/index.php?rest_route=%2Fwp%2Fv2%2Fmedia&parent=8114"}],"wp:term":[{"taxonomy":"category","embeddable":true,"href":"https:\/\/www.comitenervo.fr\/index.php?rest_route=%2Fwp%2Fv2%2Fcategories&post=8114"},{"taxonomy":"post_tag","embeddable":true,"href":"https:\/\/www.comitenervo.fr\/index.php?rest_route=%2Fwp%2Fv2%2Ftags&post=8114"}],"curies":[{"name":"wp","href":"https:\/\/api.w.org\/{rel}","templated":true}]}}