{"id":8082,"date":"2022-10-13T10:57:17","date_gmt":"2022-10-13T08:57:17","guid":{"rendered":"https:\/\/www.comitenervo.fr\/?p=8082"},"modified":"2024-01-06T22:38:37","modified_gmt":"2024-01-06T21:38:37","slug":"halloween-animations-pour-les-enfants","status":"publish","type":"post","link":"https:\/\/www.comitenervo.fr\/?p=8082","title":{"rendered":"HALLOWEEN: ANIMATIONS POUR LES ENFANTS."},"content":{"rendered":"<p>Apr\u00e8s une premi\u00e8re exp\u00e9rience r\u00e9ussie en 2021, R\u00e9gine,Christel,Gwana\u00eblle et Claire ont d\u00e9cid\u00e9 de renouveler l&rsquo;animation destin\u00e9e aux enfants,sur le th\u00e9me \u00ab\u00a0Halloween\u00a0\u00bb .<\/p>\n<p>Samedi 29 octobre,au local \u00e0 partir de 9h30,pr\u00e9paration des d\u00e9corations.<\/p>\n<p>Enfin, lundi 31 octobre,maquillage,&nbsp; animations, mais aussi ,biscuits,bonbons, chocolats ,g\u00e2teaux toujours au local.<\/p>\n<p>Et peut-\u00eatre,si autorisation,&nbsp; d\u00e9fil\u00e9 dans les all\u00e9es de la cit\u00e9 d&rsquo;une cohorte de petits d\u00e9mons !!!!!!!<a href=\"https:\/\/www.comitenervo.fr\/wp-content\/uploads\/2022\/10\/halloween-affiche.png\"><img loading=\"lazy\" decoding=\"async\" class=\"aligncenter size-medium wp-image-8083\" src=\"https:\/\/www.comitenervo.fr\/wp-content\/uploads\/2022\/10\/halloween-affiche-218x300.png\" alt=\"\" width=\"218\" height=\"300\" srcset=\"https:\/\/www.comitenervo.fr\/wp-content\/uploads\/2022\/10\/halloween-affiche-218x300.png 218w, https:\/\/www.comitenervo.fr\/wp-content\/uploads\/2022\/10\/halloween-affiche-745x1024.png 745w, https:\/\/www.comitenervo.fr\/wp-content\/uploads\/2022\/10\/halloween-affiche-768x1056.png 768w, https:\/\/www.comitenervo.fr\/wp-content\/uploads\/2022\/10\/halloween-affiche-1117x1536.png 1117w, https:\/\/www.comitenervo.fr\/wp-content\/uploads\/2022\/10\/halloween-affiche-1489x2048.png 1489w, https:\/\/www.comitenervo.fr\/wp-content\/uploads\/2022\/10\/halloween-affiche.png 1700w\" sizes=\"auto, (max-width: 218px) 100vw, 218px\" \/><\/a><\/p>\n","protected":false},"excerpt":{"rendered":"<p>Apr\u00e8s une premi\u00e8re exp\u00e9rience r\u00e9ussie en 2021, R\u00e9gine,Christel,Gwana\u00eblle et Claire ont d\u00e9cid\u00e9 de renouveler l&rsquo;animation destin\u00e9e aux enfants,sur le th\u00e9me \u00ab\u00a0Halloween\u00a0\u00bb . Samedi 29 octobre,au local \u00e0 partir de 9h30,pr\u00e9paration des d\u00e9corations. Enfin, lundi 31 octobre,maquillage,&nbsp; animations, mais aussi ,biscuits,bonbons, &hellip; <a href=\"https:\/\/www.comitenervo.fr\/?p=8082\">Continuer la lecture <span class=\"meta-nav\">&rarr;<\/span><\/a><\/p>\n","protected":false},"author":2,"featured_media":0,"comment_status":"open","ping_status":"open","sticky":false,"template":"","format":"standard","meta":{"_monsterinsights_skip_tracking":false,"_monsterinsights_sitenote_active":false,"_monsterinsights_sitenote_note":"","_monsterinsights_sitenote_category":0,"ngg_post_thumbnail":0,"footnotes":""},"categories":[9,12,6],"tags":[],"class_list":["post-8082","post","type-post","status-publish","format-standard","hentry","category-evenement","category-local-de-la-cite","category-vie-de-la-cite"],"_links":{"self":[{"href":"https:\/\/www.comitenervo.fr\/index.php?rest_route=\/wp\/v2\/posts\/8082","targetHints":{"allow":["GET"]}}],"collection":[{"href":"https:\/\/www.comitenervo.fr\/index.php?rest_route=\/wp\/v2\/posts"}],"about":[{"href":"https:\/\/www.comitenervo.fr\/index.php?rest_route=\/wp\/v2\/types\/post"}],"author":[{"embeddable":true,"href":"https:\/\/www.comitenervo.fr\/index.php?rest_route=\/wp\/v2\/users\/2"}],"replies":[{"embeddable":true,"href":"https:\/\/www.comitenervo.fr\/index.php?rest_route=%2Fwp%2Fv2%2Fcomments&post=8082"}],"version-history":[{"count":2,"href":"https:\/\/www.comitenervo.fr\/index.php?rest_route=\/wp\/v2\/posts\/8082\/revisions"}],"predecessor-version":[{"id":8085,"href":"https:\/\/www.comitenervo.fr\/index.php?rest_route=\/wp\/v2\/posts\/8082\/revisions\/8085"}],"wp:attachment":[{"href":"https:\/\/www.comitenervo.fr\/index.php?rest_route=%2Fwp%2Fv2%2Fmedia&parent=8082"}],"wp:term":[{"taxonomy":"category","embeddable":true,"href":"https:\/\/www.comitenervo.fr\/index.php?rest_route=%2Fwp%2Fv2%2Fcategories&post=8082"},{"taxonomy":"post_tag","embeddable":true,"href":"https:\/\/www.comitenervo.fr\/index.php?rest_route=%2Fwp%2Fv2%2Ftags&post=8082"}],"curies":[{"name":"wp","href":"https:\/\/api.w.org\/{rel}","templated":true}]}}