{"id":7977,"date":"2022-06-25T20:02:26","date_gmt":"2022-06-25T18:02:26","guid":{"rendered":"https:\/\/www.comitenervo.fr\/?p=7977"},"modified":"2022-07-05T09:55:20","modified_gmt":"2022-07-05T07:55:20","slug":"atelier-enfants-parents","status":"publish","type":"post","link":"https:\/\/www.comitenervo.fr\/?p=7977","title":{"rendered":"ATELIER \u00ab\u00a0ENFANTS-PARENTS\u00a0\u00bb"},"content":{"rendered":"<p>L&rsquo;atelier \u00ab\u00a0enfants-parents\u00a0\u00bb a repris les 14 et 21 mai sous la responsabilit\u00e9 de Claire.<\/p>\n<p>10 enfants et bien entendu 10 parents ont particip\u00e9 \u00e0 ces s\u00e9ances qui avaient pour but la cr\u00e9ation d&rsquo;objets r\u00e9alis\u00e9s \u00e0 partir de papier-journal, colle, peinture, rondelles, \u00e9crous, ficelles&#8230;<\/p>\n<p>Mat\u00e9riels bizarres mais donnant, en finalit\u00e9, de tr\u00e8s beau r\u00e9sultats.<\/p>\n<p>Une 3i\u00e8me s\u00e9ance est pr\u00e9vue le <strong>samedi 9 juillet.<\/strong><\/p>\n<div id=\"attachment_7978\" style=\"width: 160px\" class=\"wp-caption alignleft\"><a href=\"https:\/\/www.comitenervo.fr\/wp-content\/uploads\/2022\/06\/2022_02_1421_Activit\u00e9_Parents_Enfants_004-scaled.jpg\"><img loading=\"lazy\" decoding=\"async\" aria-describedby=\"caption-attachment-7978\" class=\"size-thumbnail wp-image-7978\" src=\"https:\/\/www.comitenervo.fr\/wp-content\/uploads\/2022\/06\/2022_02_1421_Activit\u00e9_Parents_Enfants_004-150x150.jpg\" alt=\"\" width=\"150\" height=\"150\"><\/a><p id=\"caption-attachment-7978\" class=\"wp-caption-text\">sous la surveillance de Claire&nbsp; &nbsp; &nbsp; &nbsp; &nbsp; &nbsp; &nbsp; &nbsp; &nbsp; &nbsp; &nbsp; &nbsp; &nbsp; &nbsp; &nbsp; &nbsp; &nbsp; &nbsp; &nbsp; &nbsp; &nbsp; &nbsp; &nbsp; &nbsp; &nbsp; &nbsp; &nbsp; &nbsp; &nbsp;<\/p><\/div>\n<div id=\"attachment_7979\" style=\"width: 160px\" class=\"wp-caption aligncenter\"><a href=\"https:\/\/www.comitenervo.fr\/wp-content\/uploads\/2022\/06\/2022_02_1421_Activit\u00e9_Parents_Enfants_003-scaled.jpg\"><img loading=\"lazy\" decoding=\"async\" aria-describedby=\"caption-attachment-7979\" class=\"size-thumbnail wp-image-7979\" src=\"https:\/\/www.comitenervo.fr\/wp-content\/uploads\/2022\/06\/2022_02_1421_Activit\u00e9_Parents_Enfants_003-150x150.jpg\" alt=\"\" width=\"150\" height=\"150\"><\/a><p id=\"caption-attachment-7979\" class=\"wp-caption-text\">\u00e0 la fin&nbsp; &nbsp; &nbsp; &nbsp; &nbsp; &nbsp; &nbsp; &nbsp; &nbsp; &nbsp; &nbsp; &nbsp;<\/p><\/div>\n<div id=\"attachment_7986\" style=\"width: 160px\" class=\"wp-caption alignnone\"><a href=\"https:\/\/www.comitenervo.fr\/wp-content\/uploads\/2022\/06\/2022_02_14_21_Activit\u00e9_Parents_Enfants_002-scaled.jpg\"><img loading=\"lazy\" decoding=\"async\" aria-describedby=\"caption-attachment-7986\" class=\"wp-image-7986 size-thumbnail\" src=\"https:\/\/www.comitenervo.fr\/wp-content\/uploads\/2022\/06\/2022_02_14_21_Activit\u00e9_Parents_Enfants_002-150x150.jpg\" alt=\"\" width=\"150\" height=\"150\"><\/a><p id=\"caption-attachment-7986\" class=\"wp-caption-text\">le groupe d&rsquo;enfants<\/p><\/div>\n<div id=\"attachment_7981\" style=\"width: 160px\" class=\"wp-caption alignleft\"><a href=\"https:\/\/www.comitenervo.fr\/wp-content\/uploads\/2022\/06\/2022_02_1421_Activit\u00e9_Parents_Enfants_001-scaled.jpg\"><img loading=\"lazy\" decoding=\"async\" aria-describedby=\"caption-attachment-7981\" class=\"size-thumbnail wp-image-7981\" src=\"https:\/\/www.comitenervo.fr\/wp-content\/uploads\/2022\/06\/2022_02_1421_Activit\u00e9_Parents_Enfants_001-150x150.jpg\" alt=\"\" width=\"150\" height=\"150\"><\/a><p id=\"caption-attachment-7981\" class=\"wp-caption-text\">pas mal<\/p><\/div>\n","protected":false},"excerpt":{"rendered":"<p>L&rsquo;atelier \u00ab\u00a0enfants-parents\u00a0\u00bb a repris les 14 et 21 mai sous la responsabilit\u00e9 de Claire. 10 enfants et bien entendu 10 parents ont particip\u00e9 \u00e0 ces s\u00e9ances qui avaient pour but la cr\u00e9ation d&rsquo;objets r\u00e9alis\u00e9s \u00e0 partir de papier-journal, colle, peinture, &hellip; <a href=\"https:\/\/www.comitenervo.fr\/?p=7977\">Continuer la lecture <span class=\"meta-nav\">&rarr;<\/span><\/a><\/p>\n","protected":false},"author":2,"featured_media":0,"comment_status":"open","ping_status":"open","sticky":false,"template":"","format":"standard","meta":{"_monsterinsights_skip_tracking":false,"_monsterinsights_sitenote_active":false,"_monsterinsights_sitenote_note":"","_monsterinsights_sitenote_category":0,"ngg_post_thumbnail":0,"footnotes":""},"categories":[9,12,6],"tags":[],"class_list":["post-7977","post","type-post","status-publish","format-standard","hentry","category-evenement","category-local-de-la-cite","category-vie-de-la-cite"],"_links":{"self":[{"href":"https:\/\/www.comitenervo.fr\/index.php?rest_route=\/wp\/v2\/posts\/7977","targetHints":{"allow":["GET"]}}],"collection":[{"href":"https:\/\/www.comitenervo.fr\/index.php?rest_route=\/wp\/v2\/posts"}],"about":[{"href":"https:\/\/www.comitenervo.fr\/index.php?rest_route=\/wp\/v2\/types\/post"}],"author":[{"embeddable":true,"href":"https:\/\/www.comitenervo.fr\/index.php?rest_route=\/wp\/v2\/users\/2"}],"replies":[{"embeddable":true,"href":"https:\/\/www.comitenervo.fr\/index.php?rest_route=%2Fwp%2Fv2%2Fcomments&post=7977"}],"version-history":[{"count":8,"href":"https:\/\/www.comitenervo.fr\/index.php?rest_route=\/wp\/v2\/posts\/7977\/revisions"}],"predecessor-version":[{"id":7991,"href":"https:\/\/www.comitenervo.fr\/index.php?rest_route=\/wp\/v2\/posts\/7977\/revisions\/7991"}],"wp:attachment":[{"href":"https:\/\/www.comitenervo.fr\/index.php?rest_route=%2Fwp%2Fv2%2Fmedia&parent=7977"}],"wp:term":[{"taxonomy":"category","embeddable":true,"href":"https:\/\/www.comitenervo.fr\/index.php?rest_route=%2Fwp%2Fv2%2Fcategories&post=7977"},{"taxonomy":"post_tag","embeddable":true,"href":"https:\/\/www.comitenervo.fr\/index.php?rest_route=%2Fwp%2Fv2%2Ftags&post=7977"}],"curies":[{"name":"wp","href":"https:\/\/api.w.org\/{rel}","templated":true}]}}