{"id":7970,"date":"2022-06-24T09:59:31","date_gmt":"2022-06-24T07:59:31","guid":{"rendered":"https:\/\/www.comitenervo.fr\/?p=7970"},"modified":"2022-07-05T09:55:04","modified_gmt":"2022-07-05T07:55:04","slug":"fete-de-la-musique-a-nervo","status":"publish","type":"post","link":"https:\/\/www.comitenervo.fr\/?p=7970","title":{"rendered":"F\u00caTE DE LA MUSIQUE A NERVO."},"content":{"rendered":"<p>Dans le cadre de la f\u00eate de la musique, la municipalit\u00e9 avait organis\u00e9 dans les diff\u00e9rents quartiers des animations musicales.<\/p>\n<p>A Nervo, c&rsquo;est le groupe&nbsp; \u00ab\u00a0Musique Actuelle\u00a0\u00bb de l&rsquo;\u00e9cole municipale qui est venu interpr\u00e9ter pendant pr\u00e8s d&rsquo;une heure, diff\u00e9rents succ\u00e8s de la chanson fran\u00e7aise et \u00e9trang\u00e8re.<\/p>\n<p>Les habitants du quartier ont r\u00e9pondu pr\u00e9sents et c&rsquo;est&nbsp; pr\u00e8s de 60 personnes qui ont appr\u00e9ci\u00e9 la prestation talentueuse du groupe.<\/p>\n<p>Merci enfin \u00e0 S\u00e9bastien Sion pour l&rsquo;organisation.<\/p>\n<div id=\"attachment_7971\" style=\"width: 160px\" class=\"wp-caption alignleft\"><a href=\"https:\/\/www.comitenervo.fr\/wp-content\/uploads\/2022\/06\/musique-1-scaled.jpg\"><img loading=\"lazy\" decoding=\"async\" aria-describedby=\"caption-attachment-7971\" class=\"size-thumbnail wp-image-7971\" src=\"https:\/\/www.comitenervo.fr\/wp-content\/uploads\/2022\/06\/musique-1-150x150.jpg\" alt=\"\" width=\"150\" height=\"150\"><\/a><p id=\"caption-attachment-7971\" class=\"wp-caption-text\">nombreux public.&nbsp; &nbsp; &nbsp; &nbsp; &nbsp; &nbsp; &nbsp; &nbsp; &nbsp; &nbsp;&nbsp;<\/p><\/div>\n<div id=\"attachment_7972\" style=\"width: 160px\" class=\"wp-caption alignright\"><a href=\"https:\/\/www.comitenervo.fr\/wp-content\/uploads\/2022\/06\/musique2-scaled.jpg\"><img loading=\"lazy\" decoding=\"async\" aria-describedby=\"caption-attachment-7972\" class=\"size-thumbnail wp-image-7972\" src=\"https:\/\/www.comitenervo.fr\/wp-content\/uploads\/2022\/06\/musique2-150x150.jpg\" alt=\"\" width=\"150\" height=\"150\"><\/a><p id=\"caption-attachment-7972\" class=\"wp-caption-text\">le groupe<\/p><\/div>\n<p>&nbsp;<\/p>\n","protected":false},"excerpt":{"rendered":"<p>Dans le cadre de la f\u00eate de la musique, la municipalit\u00e9 avait organis\u00e9 dans les diff\u00e9rents quartiers des animations musicales. A Nervo, c&rsquo;est le groupe&nbsp; \u00ab\u00a0Musique Actuelle\u00a0\u00bb de l&rsquo;\u00e9cole municipale qui est venu interpr\u00e9ter pendant pr\u00e8s d&rsquo;une heure, diff\u00e9rents succ\u00e8s &hellip; <a href=\"https:\/\/www.comitenervo.fr\/?p=7970\">Continuer la lecture <span class=\"meta-nav\">&rarr;<\/span><\/a><\/p>\n","protected":false},"author":2,"featured_media":0,"comment_status":"open","ping_status":"open","sticky":false,"template":"","format":"standard","meta":{"_monsterinsights_skip_tracking":false,"_monsterinsights_sitenote_active":false,"_monsterinsights_sitenote_note":"","_monsterinsights_sitenote_category":0,"ngg_post_thumbnail":0,"footnotes":""},"categories":[9,12,6],"tags":[],"class_list":["post-7970","post","type-post","status-publish","format-standard","hentry","category-evenement","category-local-de-la-cite","category-vie-de-la-cite"],"_links":{"self":[{"href":"https:\/\/www.comitenervo.fr\/index.php?rest_route=\/wp\/v2\/posts\/7970","targetHints":{"allow":["GET"]}}],"collection":[{"href":"https:\/\/www.comitenervo.fr\/index.php?rest_route=\/wp\/v2\/posts"}],"about":[{"href":"https:\/\/www.comitenervo.fr\/index.php?rest_route=\/wp\/v2\/types\/post"}],"author":[{"embeddable":true,"href":"https:\/\/www.comitenervo.fr\/index.php?rest_route=\/wp\/v2\/users\/2"}],"replies":[{"embeddable":true,"href":"https:\/\/www.comitenervo.fr\/index.php?rest_route=%2Fwp%2Fv2%2Fcomments&post=7970"}],"version-history":[{"count":2,"href":"https:\/\/www.comitenervo.fr\/index.php?rest_route=\/wp\/v2\/posts\/7970\/revisions"}],"predecessor-version":[{"id":7974,"href":"https:\/\/www.comitenervo.fr\/index.php?rest_route=\/wp\/v2\/posts\/7970\/revisions\/7974"}],"wp:attachment":[{"href":"https:\/\/www.comitenervo.fr\/index.php?rest_route=%2Fwp%2Fv2%2Fmedia&parent=7970"}],"wp:term":[{"taxonomy":"category","embeddable":true,"href":"https:\/\/www.comitenervo.fr\/index.php?rest_route=%2Fwp%2Fv2%2Fcategories&post=7970"},{"taxonomy":"post_tag","embeddable":true,"href":"https:\/\/www.comitenervo.fr\/index.php?rest_route=%2Fwp%2Fv2%2Ftags&post=7970"}],"curies":[{"name":"wp","href":"https:\/\/api.w.org\/{rel}","templated":true}]}}