{"id":7964,"date":"2022-06-24T09:38:57","date_gmt":"2022-06-24T07:38:57","guid":{"rendered":"https:\/\/www.comitenervo.fr\/?p=7964"},"modified":"2022-07-05T09:54:55","modified_gmt":"2022-07-05T07:54:55","slug":"excursion-a-berck-bagatelle-2","status":"publish","type":"post","link":"https:\/\/www.comitenervo.fr\/?p=7964","title":{"rendered":"EXCURSION A BERCK-BAGATELLE."},"content":{"rendered":"<p>Le comit\u00e9 organise une excursion \u00e0 Berck-Bagatelle&nbsp; le dimanche 24 juillet 2022 avec 2 possibilit\u00e9s:<\/p>\n<p>** Soit une journ\u00e9e libre \u00e0 Berck .<\/p>\n<p>** Soit une journ\u00e9e au parc de Bagatelle .<\/p>\n<p>Afin de profiter au maximum de cette journ\u00e9e, le retour se fera \u00e0 19h00 de Berck et 19h30 de Bagatelle&nbsp; pour un d\u00e9part \u00e0 7h00 du local.<\/p>\n<p>&nbsp; &nbsp; &nbsp; &nbsp; &nbsp; &nbsp; &nbsp; &nbsp; &nbsp; &nbsp; &nbsp; &nbsp; &nbsp; &nbsp; &nbsp; &nbsp; &nbsp; &nbsp; &nbsp; &nbsp; &nbsp; &nbsp;<\/p>\n<div id=\"attachment_7965\" style=\"width: 212px\" class=\"wp-caption aligncenter\"><a href=\"https:\/\/www.comitenervo.fr\/wp-content\/uploads\/2022\/06\/scanberck22.jpg\"><img loading=\"lazy\" decoding=\"async\" aria-describedby=\"caption-attachment-7965\" class=\"size-medium wp-image-7965\" src=\"https:\/\/www.comitenervo.fr\/wp-content\/uploads\/2022\/06\/scanberck22-202x300.jpg\" alt=\"\" width=\"202\" height=\"300\" srcset=\"https:\/\/www.comitenervo.fr\/wp-content\/uploads\/2022\/06\/scanberck22-202x300.jpg 202w, https:\/\/www.comitenervo.fr\/wp-content\/uploads\/2022\/06\/scanberck22-689x1024.jpg 689w, https:\/\/www.comitenervo.fr\/wp-content\/uploads\/2022\/06\/scanberck22-768x1141.jpg 768w, https:\/\/www.comitenervo.fr\/wp-content\/uploads\/2022\/06\/scanberck22-1034x1536.jpg 1034w, https:\/\/www.comitenervo.fr\/wp-content\/uploads\/2022\/06\/scanberck22-1378x2048.jpg 1378w, https:\/\/www.comitenervo.fr\/wp-content\/uploads\/2022\/06\/scanberck22.jpg 1442w\" sizes=\"auto, (max-width: 202px) 100vw, 202px\" \/><\/a><p id=\"caption-attachment-7965\" class=\"wp-caption-text\">Imprim\u00e9 d&rsquo;inscription.<\/p><\/div>\n","protected":false},"excerpt":{"rendered":"<p>Le comit\u00e9 organise une excursion \u00e0 Berck-Bagatelle&nbsp; le dimanche 24 juillet 2022 avec 2 possibilit\u00e9s: ** Soit une journ\u00e9e libre \u00e0 Berck . ** Soit une journ\u00e9e au parc de Bagatelle . Afin de profiter au maximum de cette journ\u00e9e, &hellip; <a href=\"https:\/\/www.comitenervo.fr\/?p=7964\">Continuer la lecture <span class=\"meta-nav\">&rarr;<\/span><\/a><\/p>\n","protected":false},"author":2,"featured_media":0,"comment_status":"open","ping_status":"open","sticky":false,"template":"","format":"standard","meta":{"_monsterinsights_skip_tracking":false,"_monsterinsights_sitenote_active":false,"_monsterinsights_sitenote_note":"","_monsterinsights_sitenote_category":0,"ngg_post_thumbnail":0,"footnotes":""},"categories":[9,8],"tags":[],"class_list":["post-7964","post","type-post","status-publish","format-standard","hentry","category-evenement","category-voyage"],"_links":{"self":[{"href":"https:\/\/www.comitenervo.fr\/index.php?rest_route=\/wp\/v2\/posts\/7964","targetHints":{"allow":["GET"]}}],"collection":[{"href":"https:\/\/www.comitenervo.fr\/index.php?rest_route=\/wp\/v2\/posts"}],"about":[{"href":"https:\/\/www.comitenervo.fr\/index.php?rest_route=\/wp\/v2\/types\/post"}],"author":[{"embeddable":true,"href":"https:\/\/www.comitenervo.fr\/index.php?rest_route=\/wp\/v2\/users\/2"}],"replies":[{"embeddable":true,"href":"https:\/\/www.comitenervo.fr\/index.php?rest_route=%2Fwp%2Fv2%2Fcomments&post=7964"}],"version-history":[{"count":4,"href":"https:\/\/www.comitenervo.fr\/index.php?rest_route=\/wp\/v2\/posts\/7964\/revisions"}],"predecessor-version":[{"id":7969,"href":"https:\/\/www.comitenervo.fr\/index.php?rest_route=\/wp\/v2\/posts\/7964\/revisions\/7969"}],"wp:attachment":[{"href":"https:\/\/www.comitenervo.fr\/index.php?rest_route=%2Fwp%2Fv2%2Fmedia&parent=7964"}],"wp:term":[{"taxonomy":"category","embeddable":true,"href":"https:\/\/www.comitenervo.fr\/index.php?rest_route=%2Fwp%2Fv2%2Fcategories&post=7964"},{"taxonomy":"post_tag","embeddable":true,"href":"https:\/\/www.comitenervo.fr\/index.php?rest_route=%2Fwp%2Fv2%2Ftags&post=7964"}],"curies":[{"name":"wp","href":"https:\/\/api.w.org\/{rel}","templated":true}]}}