{"id":7953,"date":"2022-06-01T10:01:15","date_gmt":"2022-06-01T08:01:15","guid":{"rendered":"https:\/\/www.comitenervo.fr\/?p=7953"},"modified":"2022-07-05T09:54:50","modified_gmt":"2022-07-05T07:54:50","slug":"fete-des-voisins-7","status":"publish","type":"post","link":"https:\/\/www.comitenervo.fr\/?p=7953","title":{"rendered":"F\u00caTE DES VOISINS."},"content":{"rendered":"<p>Bien s\u00fbr il y avait moins de monde que d&rsquo;habitude, mais l&rsquo;ambiance \u00e9tait joyeuse en ce samedi 28 mai.<\/p>\n<p>Jeu gonflable pour les enfants, baby-foot pour les ados, barbecue&nbsp; et musique (merci Ludo)&nbsp; ,tous les ingr\u00e9dients \u00e9taient r\u00e9unis.<\/p>\n<p>Mr Saligot ainsi que de nombreux adjoints et conseillers ont salu\u00e9 les participants de&nbsp; &nbsp;cette f\u00eate des voisins r\u00e9ussie.<\/p>\n<p>Une temp\u00e9rature un peu fra\u00eeche a n\u00e9anmoins \u00ab\u00a0refroidi\u00a0\u00bb les ardeurs des participants qui ont&nbsp; du se r\u00e9soudre \u00e0 quitter la f\u00eate plus t\u00f4t que pr\u00e9vu.<\/p>\n<div id=\"attachment_7954\" style=\"width: 160px\" class=\"wp-caption alignleft\"><a href=\"https:\/\/www.comitenervo.fr\/wp-content\/uploads\/2022\/06\/voisins4-scaled.jpg\"><img loading=\"lazy\" decoding=\"async\" aria-describedby=\"caption-attachment-7954\" class=\"size-thumbnail wp-image-7954\" src=\"https:\/\/www.comitenervo.fr\/wp-content\/uploads\/2022\/06\/voisins4-150x150.jpg\" alt=\"\" width=\"150\" height=\"150\"><\/a><p id=\"caption-attachment-7954\" class=\"wp-caption-text\">Jeu gonflable.<\/p><\/div>\n<div id=\"attachment_7955\" style=\"width: 160px\" class=\"wp-caption aligncenter\"><a href=\"https:\/\/www.comitenervo.fr\/wp-content\/uploads\/2022\/06\/joris2.jpg\"><img loading=\"lazy\" decoding=\"async\" aria-describedby=\"caption-attachment-7955\" class=\"size-thumbnail wp-image-7955\" src=\"https:\/\/www.comitenervo.fr\/wp-content\/uploads\/2022\/06\/joris2-150x150.jpg\" alt=\"\" width=\"150\" height=\"150\"><\/a><p id=\"caption-attachment-7955\" class=\"wp-caption-text\">Joris et son barbecue<\/p><\/div>\n<div id=\"attachment_7956\" style=\"width: 160px\" class=\"wp-caption alignright\"><a href=\"https:\/\/www.comitenervo.fr\/wp-content\/uploads\/2022\/06\/voisins2-scaled.jpg\"><img loading=\"lazy\" decoding=\"async\" aria-describedby=\"caption-attachment-7956\" class=\"size-thumbnail wp-image-7956\" src=\"https:\/\/www.comitenervo.fr\/wp-content\/uploads\/2022\/06\/voisins2-150x150.jpg\" alt=\"\" width=\"150\" height=\"150\"><\/a><p id=\"caption-attachment-7956\" class=\"wp-caption-text\">Au d\u00e9but de la f\u00eate<\/p><\/div>\n<div id=\"attachment_7957\" style=\"width: 160px\" class=\"wp-caption alignleft\"><a href=\"https:\/\/www.comitenervo.fr\/wp-content\/uploads\/2022\/06\/voisins44-scaled.jpg\"><img loading=\"lazy\" decoding=\"async\" aria-describedby=\"caption-attachment-7957\" class=\"size-thumbnail wp-image-7957\" src=\"https:\/\/www.comitenervo.fr\/wp-content\/uploads\/2022\/06\/voisins44-150x150.jpg\" alt=\"\" width=\"150\" height=\"150\"><\/a><p id=\"caption-attachment-7957\" class=\"wp-caption-text\">sympa.<\/p><\/div>\n","protected":false},"excerpt":{"rendered":"<p>Bien s\u00fbr il y avait moins de monde que d&rsquo;habitude, mais l&rsquo;ambiance \u00e9tait joyeuse en ce samedi 28 mai. Jeu gonflable pour les enfants, baby-foot pour les ados, barbecue&nbsp; et musique (merci Ludo)&nbsp; ,tous les ingr\u00e9dients \u00e9taient r\u00e9unis. Mr Saligot &hellip; <a href=\"https:\/\/www.comitenervo.fr\/?p=7953\">Continuer la lecture <span class=\"meta-nav\">&rarr;<\/span><\/a><\/p>\n","protected":false},"author":2,"featured_media":0,"comment_status":"open","ping_status":"open","sticky":false,"template":"","format":"standard","meta":{"_monsterinsights_skip_tracking":false,"_monsterinsights_sitenote_active":false,"_monsterinsights_sitenote_note":"","_monsterinsights_sitenote_category":0,"ngg_post_thumbnail":0,"footnotes":""},"categories":[9,6],"tags":[],"class_list":["post-7953","post","type-post","status-publish","format-standard","hentry","category-evenement","category-vie-de-la-cite"],"_links":{"self":[{"href":"https:\/\/www.comitenervo.fr\/index.php?rest_route=\/wp\/v2\/posts\/7953","targetHints":{"allow":["GET"]}}],"collection":[{"href":"https:\/\/www.comitenervo.fr\/index.php?rest_route=\/wp\/v2\/posts"}],"about":[{"href":"https:\/\/www.comitenervo.fr\/index.php?rest_route=\/wp\/v2\/types\/post"}],"author":[{"embeddable":true,"href":"https:\/\/www.comitenervo.fr\/index.php?rest_route=\/wp\/v2\/users\/2"}],"replies":[{"embeddable":true,"href":"https:\/\/www.comitenervo.fr\/index.php?rest_route=%2Fwp%2Fv2%2Fcomments&post=7953"}],"version-history":[{"count":3,"href":"https:\/\/www.comitenervo.fr\/index.php?rest_route=\/wp\/v2\/posts\/7953\/revisions"}],"predecessor-version":[{"id":7960,"href":"https:\/\/www.comitenervo.fr\/index.php?rest_route=\/wp\/v2\/posts\/7953\/revisions\/7960"}],"wp:attachment":[{"href":"https:\/\/www.comitenervo.fr\/index.php?rest_route=%2Fwp%2Fv2%2Fmedia&parent=7953"}],"wp:term":[{"taxonomy":"category","embeddable":true,"href":"https:\/\/www.comitenervo.fr\/index.php?rest_route=%2Fwp%2Fv2%2Fcategories&post=7953"},{"taxonomy":"post_tag","embeddable":true,"href":"https:\/\/www.comitenervo.fr\/index.php?rest_route=%2Fwp%2Fv2%2Ftags&post=7953"}],"curies":[{"name":"wp","href":"https:\/\/api.w.org\/{rel}","templated":true}]}}