{"id":7941,"date":"2022-05-15T09:30:29","date_gmt":"2022-05-15T07:30:29","guid":{"rendered":"https:\/\/www.comitenervo.fr\/?p=7941"},"modified":"2022-07-05T09:54:38","modified_gmt":"2022-07-05T07:54:38","slug":"brocante-2","status":"publish","type":"post","link":"https:\/\/www.comitenervo.fr\/?p=7941","title":{"rendered":"BROCANTE."},"content":{"rendered":"<p>C&rsquo;est parti pour les inscriptions \u00e0 la brocante du dimanche 3 juillet 2022.<\/p>\n<p>Jusqu&rsquo;au samedi 21 mai, les riverains auront priorit\u00e9 pour les emplacements situ\u00e9s face \u00e0 leurs domiciles.<\/p>\n<p>Ensuite ,inscriptions ouvertes \u00e0 tous, les mercredis de 15h00 \u00e0 18h00 et les samedis de 10h00 \u00e0 12h00.<\/p>\n<p>Pas de r\u00e9servations par t\u00e9l\u00e9phone.&nbsp; &nbsp; &nbsp; &nbsp; &nbsp; &nbsp; &nbsp; &nbsp; &nbsp; &nbsp; &nbsp; &nbsp; &nbsp; &nbsp; &nbsp; &nbsp; &nbsp; &nbsp; &nbsp; &nbsp; &nbsp; &nbsp; &nbsp; &nbsp; &nbsp; <a href=\"https:\/\/www.comitenervo.fr\/wp-content\/uploads\/2022\/05\/scaninscriptionbrocante22-rotated.jpg\"><img loading=\"lazy\" decoding=\"async\" class=\"alignright size-medium wp-image-7943\" src=\"https:\/\/www.comitenervo.fr\/wp-content\/uploads\/2022\/05\/scaninscriptionbrocante22-300x218.jpg\" alt=\"\" width=\"300\" height=\"218\" srcset=\"https:\/\/www.comitenervo.fr\/wp-content\/uploads\/2022\/05\/scaninscriptionbrocante22-300x218.jpg 300w, https:\/\/www.comitenervo.fr\/wp-content\/uploads\/2022\/05\/scaninscriptionbrocante22-1024x745.jpg 1024w, https:\/\/www.comitenervo.fr\/wp-content\/uploads\/2022\/05\/scaninscriptionbrocante22-768x558.jpg 768w, https:\/\/www.comitenervo.fr\/wp-content\/uploads\/2022\/05\/scaninscriptionbrocante22-1536x1117.jpg 1536w, https:\/\/www.comitenervo.fr\/wp-content\/uploads\/2022\/05\/scaninscriptionbrocante22-2048x1489.jpg 2048w, https:\/\/www.comitenervo.fr\/wp-content\/uploads\/2022\/05\/scaninscriptionbrocante22-413x300.jpg 413w\" sizes=\"auto, (max-width: 300px) 100vw, 300px\" \/><\/a><\/p>\n<p><a href=\"https:\/\/www.comitenervo.fr\/wp-content\/uploads\/2022\/05\/scanaffichebrocante22.jpg\"><img loading=\"lazy\" decoding=\"async\" class=\"alignleft size-medium wp-image-7942\" src=\"https:\/\/www.comitenervo.fr\/wp-content\/uploads\/2022\/05\/scanaffichebrocante22-218x300.jpg\" alt=\"\" width=\"218\" height=\"300\" srcset=\"https:\/\/www.comitenervo.fr\/wp-content\/uploads\/2022\/05\/scanaffichebrocante22-218x300.jpg 218w, https:\/\/www.comitenervo.fr\/wp-content\/uploads\/2022\/05\/scanaffichebrocante22-745x1024.jpg 745w, https:\/\/www.comitenervo.fr\/wp-content\/uploads\/2022\/05\/scanaffichebrocante22-768x1056.jpg 768w, https:\/\/www.comitenervo.fr\/wp-content\/uploads\/2022\/05\/scanaffichebrocante22-1117x1536.jpg 1117w, https:\/\/www.comitenervo.fr\/wp-content\/uploads\/2022\/05\/scanaffichebrocante22-1489x2048.jpg 1489w, https:\/\/www.comitenervo.fr\/wp-content\/uploads\/2022\/05\/scanaffichebrocante22.jpg 1700w\" sizes=\"auto, (max-width: 218px) 100vw, 218px\" \/><\/a><\/p>\n","protected":false},"excerpt":{"rendered":"<p>C&rsquo;est parti pour les inscriptions \u00e0 la brocante du dimanche 3 juillet 2022. Jusqu&rsquo;au samedi 21 mai, les riverains auront priorit\u00e9 pour les emplacements situ\u00e9s face \u00e0 leurs domiciles. Ensuite ,inscriptions ouvertes \u00e0 tous, les mercredis de 15h00 \u00e0 18h00 &hellip; <a href=\"https:\/\/www.comitenervo.fr\/?p=7941\">Continuer la lecture <span class=\"meta-nav\">&rarr;<\/span><\/a><\/p>\n","protected":false},"author":2,"featured_media":0,"comment_status":"open","ping_status":"open","sticky":false,"template":"","format":"standard","meta":{"_monsterinsights_skip_tracking":false,"_monsterinsights_sitenote_active":false,"_monsterinsights_sitenote_note":"","_monsterinsights_sitenote_category":0,"ngg_post_thumbnail":0,"footnotes":""},"categories":[9,6],"tags":[],"class_list":["post-7941","post","type-post","status-publish","format-standard","hentry","category-evenement","category-vie-de-la-cite"],"_links":{"self":[{"href":"https:\/\/www.comitenervo.fr\/index.php?rest_route=\/wp\/v2\/posts\/7941","targetHints":{"allow":["GET"]}}],"collection":[{"href":"https:\/\/www.comitenervo.fr\/index.php?rest_route=\/wp\/v2\/posts"}],"about":[{"href":"https:\/\/www.comitenervo.fr\/index.php?rest_route=\/wp\/v2\/types\/post"}],"author":[{"embeddable":true,"href":"https:\/\/www.comitenervo.fr\/index.php?rest_route=\/wp\/v2\/users\/2"}],"replies":[{"embeddable":true,"href":"https:\/\/www.comitenervo.fr\/index.php?rest_route=%2Fwp%2Fv2%2Fcomments&post=7941"}],"version-history":[{"count":2,"href":"https:\/\/www.comitenervo.fr\/index.php?rest_route=\/wp\/v2\/posts\/7941\/revisions"}],"predecessor-version":[{"id":7945,"href":"https:\/\/www.comitenervo.fr\/index.php?rest_route=\/wp\/v2\/posts\/7941\/revisions\/7945"}],"wp:attachment":[{"href":"https:\/\/www.comitenervo.fr\/index.php?rest_route=%2Fwp%2Fv2%2Fmedia&parent=7941"}],"wp:term":[{"taxonomy":"category","embeddable":true,"href":"https:\/\/www.comitenervo.fr\/index.php?rest_route=%2Fwp%2Fv2%2Fcategories&post=7941"},{"taxonomy":"post_tag","embeddable":true,"href":"https:\/\/www.comitenervo.fr\/index.php?rest_route=%2Fwp%2Fv2%2Ftags&post=7941"}],"curies":[{"name":"wp","href":"https:\/\/api.w.org\/{rel}","templated":true}]}}