{"id":7933,"date":"2022-05-15T09:01:11","date_gmt":"2022-05-15T07:01:11","guid":{"rendered":"https:\/\/www.comitenervo.fr\/?p=7933"},"modified":"2022-07-05T09:54:12","modified_gmt":"2022-07-05T07:54:12","slug":"membres-du-comite","status":"publish","type":"post","link":"https:\/\/www.comitenervo.fr\/?p=7933","title":{"rendered":"MEMBRES DU COMITE."},"content":{"rendered":"<p>A l&rsquo;issue de la r\u00e9union du comit\u00e9 du mardi 19 avril 2022, les membres ont \u00e9lu Michel Fontaine comme pr\u00e9sident, R\u00e9gine Collette secr\u00e9taire, Daniel Zaich tr\u00e9sorier et Christel De-Gr\u00e9s tr\u00e9sori\u00e8re -adjointe.<\/p>\n<p>Un comit\u00e9 avec beaucoup de \u00ab\u00a0septuag\u00e9naires\u00a0\u00bb qui attendent avec impatience des personnes plus jeunes !!!!!!!!!!!!!!!!<\/p>\n<p><a href=\"https:\/\/www.comitenervo.fr\/wp-content\/uploads\/2022\/05\/liste-comite2204.jpg\"><img loading=\"lazy\" decoding=\"async\" class=\"aligncenter size-medium wp-image-7935\" src=\"https:\/\/www.comitenervo.fr\/wp-content\/uploads\/2022\/05\/liste-comite2204-218x300.jpg\" alt=\"\" width=\"218\" height=\"300\" srcset=\"https:\/\/www.comitenervo.fr\/wp-content\/uploads\/2022\/05\/liste-comite2204-218x300.jpg 218w, https:\/\/www.comitenervo.fr\/wp-content\/uploads\/2022\/05\/liste-comite2204-745x1024.jpg 745w, https:\/\/www.comitenervo.fr\/wp-content\/uploads\/2022\/05\/liste-comite2204-768x1056.jpg 768w, https:\/\/www.comitenervo.fr\/wp-content\/uploads\/2022\/05\/liste-comite2204-1117x1536.jpg 1117w, https:\/\/www.comitenervo.fr\/wp-content\/uploads\/2022\/05\/liste-comite2204-1489x2048.jpg 1489w, https:\/\/www.comitenervo.fr\/wp-content\/uploads\/2022\/05\/liste-comite2204.jpg 1700w\" sizes=\"auto, (max-width: 218px) 100vw, 218px\" \/><\/a><\/p>\n","protected":false},"excerpt":{"rendered":"<p>A l&rsquo;issue de la r\u00e9union du comit\u00e9 du mardi 19 avril 2022, les membres ont \u00e9lu Michel Fontaine comme pr\u00e9sident, R\u00e9gine Collette secr\u00e9taire, Daniel Zaich tr\u00e9sorier et Christel De-Gr\u00e9s tr\u00e9sori\u00e8re -adjointe. Un comit\u00e9 avec beaucoup de \u00ab\u00a0septuag\u00e9naires\u00a0\u00bb qui attendent avec &hellip; <a href=\"https:\/\/www.comitenervo.fr\/?p=7933\">Continuer la lecture <span class=\"meta-nav\">&rarr;<\/span><\/a><\/p>\n","protected":false},"author":2,"featured_media":0,"comment_status":"open","ping_status":"open","sticky":false,"template":"","format":"standard","meta":{"_monsterinsights_skip_tracking":false,"_monsterinsights_sitenote_active":false,"_monsterinsights_sitenote_note":"","_monsterinsights_sitenote_category":0,"ngg_post_thumbnail":0,"footnotes":""},"categories":[6],"tags":[],"class_list":["post-7933","post","type-post","status-publish","format-standard","hentry","category-vie-de-la-cite"],"_links":{"self":[{"href":"https:\/\/www.comitenervo.fr\/index.php?rest_route=\/wp\/v2\/posts\/7933","targetHints":{"allow":["GET"]}}],"collection":[{"href":"https:\/\/www.comitenervo.fr\/index.php?rest_route=\/wp\/v2\/posts"}],"about":[{"href":"https:\/\/www.comitenervo.fr\/index.php?rest_route=\/wp\/v2\/types\/post"}],"author":[{"embeddable":true,"href":"https:\/\/www.comitenervo.fr\/index.php?rest_route=\/wp\/v2\/users\/2"}],"replies":[{"embeddable":true,"href":"https:\/\/www.comitenervo.fr\/index.php?rest_route=%2Fwp%2Fv2%2Fcomments&post=7933"}],"version-history":[{"count":2,"href":"https:\/\/www.comitenervo.fr\/index.php?rest_route=\/wp\/v2\/posts\/7933\/revisions"}],"predecessor-version":[{"id":7937,"href":"https:\/\/www.comitenervo.fr\/index.php?rest_route=\/wp\/v2\/posts\/7933\/revisions\/7937"}],"wp:attachment":[{"href":"https:\/\/www.comitenervo.fr\/index.php?rest_route=%2Fwp%2Fv2%2Fmedia&parent=7933"}],"wp:term":[{"taxonomy":"category","embeddable":true,"href":"https:\/\/www.comitenervo.fr\/index.php?rest_route=%2Fwp%2Fv2%2Fcategories&post=7933"},{"taxonomy":"post_tag","embeddable":true,"href":"https:\/\/www.comitenervo.fr\/index.php?rest_route=%2Fwp%2Fv2%2Ftags&post=7933"}],"curies":[{"name":"wp","href":"https:\/\/api.w.org\/{rel}","templated":true}]}}