{"id":7926,"date":"2022-04-09T16:20:04","date_gmt":"2022-04-09T14:20:04","guid":{"rendered":"https:\/\/www.comitenervo.fr\/?p=7926"},"modified":"2022-07-05T09:53:03","modified_gmt":"2022-07-05T07:53:03","slug":"assemblee-generale-6","status":"publish","type":"post","link":"https:\/\/www.comitenervo.fr\/?p=7926","title":{"rendered":"ASSEMBLEE GENERALE."},"content":{"rendered":"<p>L&rsquo;assembl\u00e9e g\u00e9n\u00e9rale de notre comit\u00e9 s&rsquo;est d\u00e9roul\u00e9e ce samedi 2 avril \u00e0 notre local associatif.<\/p>\n<p>Le pr\u00e9sident Michel Fontaine a remerci\u00e9 les repr\u00e9sentants de la municipalit\u00e9 (Mrs Drelon, W\u00e9ry ,Gernez),&nbsp; ainsi que l&rsquo;assistance compos\u00e9e en majeure partie de personnes plus \u00e2g\u00e9es.&nbsp;<\/p>\n<p>Les rapports d&rsquo;activit\u00e9s, et&nbsp; financier ont \u00e9t\u00e9 adopt\u00e9s.<\/p>\n<p>Deux nouveaux membres pour renforcer le comit\u00e9 : Mrs Lefebvre et De-Gr\u00e9s .<\/p>\n<p>A noter, malheureusement, l&rsquo;absence des parents des enfants qui ont \u00e9t\u00e9 particuli\u00e8rement choy\u00e9s pour&nbsp; no\u00ebl (carte cadeau de 20\u20ac par enfant).&nbsp;<\/p>\n<p>Changement dans les activit\u00e9s 2022, sachant que l&rsquo;association ne percevra plus d&rsquo;aide de la CAF en 2022.<\/p>\n<p>D\u00e9cision lors du prochain comit\u00e9.<\/p>\n<p>&nbsp;<\/p>\n<div id=\"attachment_7927\" style=\"width: 310px\" class=\"wp-caption alignleft\"><a href=\"https:\/\/www.comitenervo.fr\/wp-content\/uploads\/2022\/04\/agrobert1.jpg\"><img loading=\"lazy\" decoding=\"async\" aria-describedby=\"caption-attachment-7927\" class=\"size-medium wp-image-7927\" src=\"https:\/\/www.comitenervo.fr\/wp-content\/uploads\/2022\/04\/agrobert1-300x225.jpg\" alt=\"\" width=\"300\" height=\"225\" srcset=\"https:\/\/www.comitenervo.fr\/wp-content\/uploads\/2022\/04\/agrobert1-300x225.jpg 300w, https:\/\/www.comitenervo.fr\/wp-content\/uploads\/2022\/04\/agrobert1-768x575.jpg 768w, https:\/\/www.comitenervo.fr\/wp-content\/uploads\/2022\/04\/agrobert1-401x300.jpg 401w, https:\/\/www.comitenervo.fr\/wp-content\/uploads\/2022\/04\/agrobert1.jpg 915w\" sizes=\"auto, (max-width: 300px) 100vw, 300px\" \/><\/a><p id=\"caption-attachment-7927\" class=\"wp-caption-text\">L&rsquo;assistance.&nbsp; &nbsp; &nbsp; &nbsp; &nbsp; &nbsp; &nbsp; &nbsp; &nbsp; &nbsp; &nbsp; &nbsp; &nbsp; &nbsp; &nbsp; &nbsp; &nbsp; &nbsp; &nbsp; &nbsp; &nbsp; &nbsp; &nbsp;<\/p><\/div>\n<div id=\"attachment_7928\" style=\"width: 310px\" class=\"wp-caption alignright\"><a href=\"https:\/\/www.comitenervo.fr\/wp-content\/uploads\/2022\/04\/michelag.jpg\"><img loading=\"lazy\" decoding=\"async\" aria-describedby=\"caption-attachment-7928\" class=\"size-medium wp-image-7928\" src=\"https:\/\/www.comitenervo.fr\/wp-content\/uploads\/2022\/04\/michelag-300x225.jpg\" alt=\"\" width=\"300\" height=\"225\" srcset=\"https:\/\/www.comitenervo.fr\/wp-content\/uploads\/2022\/04\/michelag-300x225.jpg 300w, https:\/\/www.comitenervo.fr\/wp-content\/uploads\/2022\/04\/michelag-768x575.jpg 768w, https:\/\/www.comitenervo.fr\/wp-content\/uploads\/2022\/04\/michelag-401x300.jpg 401w, https:\/\/www.comitenervo.fr\/wp-content\/uploads\/2022\/04\/michelag.jpg 915w\" sizes=\"auto, (max-width: 300px) 100vw, 300px\" \/><\/a><p id=\"caption-attachment-7928\" class=\"wp-caption-text\">Michel Fontaine, pendant son intervention.<\/p><\/div>\n","protected":false},"excerpt":{"rendered":"<p>L&rsquo;assembl\u00e9e g\u00e9n\u00e9rale de notre comit\u00e9 s&rsquo;est d\u00e9roul\u00e9e ce samedi 2 avril \u00e0 notre local associatif. Le pr\u00e9sident Michel Fontaine a remerci\u00e9 les repr\u00e9sentants de la municipalit\u00e9 (Mrs Drelon, W\u00e9ry ,Gernez),&nbsp; ainsi que l&rsquo;assistance compos\u00e9e en majeure partie de personnes plus &hellip; <a href=\"https:\/\/www.comitenervo.fr\/?p=7926\">Continuer la lecture <span class=\"meta-nav\">&rarr;<\/span><\/a><\/p>\n","protected":false},"author":2,"featured_media":0,"comment_status":"open","ping_status":"open","sticky":false,"template":"","format":"standard","meta":{"_monsterinsights_skip_tracking":false,"_monsterinsights_sitenote_active":false,"_monsterinsights_sitenote_note":"","_monsterinsights_sitenote_category":0,"ngg_post_thumbnail":0,"footnotes":""},"categories":[9,12,6],"tags":[],"class_list":["post-7926","post","type-post","status-publish","format-standard","hentry","category-evenement","category-local-de-la-cite","category-vie-de-la-cite"],"_links":{"self":[{"href":"https:\/\/www.comitenervo.fr\/index.php?rest_route=\/wp\/v2\/posts\/7926","targetHints":{"allow":["GET"]}}],"collection":[{"href":"https:\/\/www.comitenervo.fr\/index.php?rest_route=\/wp\/v2\/posts"}],"about":[{"href":"https:\/\/www.comitenervo.fr\/index.php?rest_route=\/wp\/v2\/types\/post"}],"author":[{"embeddable":true,"href":"https:\/\/www.comitenervo.fr\/index.php?rest_route=\/wp\/v2\/users\/2"}],"replies":[{"embeddable":true,"href":"https:\/\/www.comitenervo.fr\/index.php?rest_route=%2Fwp%2Fv2%2Fcomments&post=7926"}],"version-history":[{"count":3,"href":"https:\/\/www.comitenervo.fr\/index.php?rest_route=\/wp\/v2\/posts\/7926\/revisions"}],"predecessor-version":[{"id":7931,"href":"https:\/\/www.comitenervo.fr\/index.php?rest_route=\/wp\/v2\/posts\/7926\/revisions\/7931"}],"wp:attachment":[{"href":"https:\/\/www.comitenervo.fr\/index.php?rest_route=%2Fwp%2Fv2%2Fmedia&parent=7926"}],"wp:term":[{"taxonomy":"category","embeddable":true,"href":"https:\/\/www.comitenervo.fr\/index.php?rest_route=%2Fwp%2Fv2%2Fcategories&post=7926"},{"taxonomy":"post_tag","embeddable":true,"href":"https:\/\/www.comitenervo.fr\/index.php?rest_route=%2Fwp%2Fv2%2Ftags&post=7926"}],"curies":[{"name":"wp","href":"https:\/\/api.w.org\/{rel}","templated":true}]}}