{"id":7913,"date":"2022-03-17T09:25:05","date_gmt":"2022-03-17T08:25:05","guid":{"rendered":"https:\/\/www.comitenervo.fr\/?p=7913"},"modified":"2022-07-05T09:51:14","modified_gmt":"2022-07-05T07:51:14","slug":"reunion-concernant-la-rocade","status":"publish","type":"post","link":"https:\/\/www.comitenervo.fr\/?p=7913","title":{"rendered":"REUNION CONCERNANT  LA ROCADE."},"content":{"rendered":"<p>Ce vendredi 11mars 2022 ,au local associatif,&nbsp; s&rsquo;est d\u00e9roul\u00e9e une r\u00e9union concernant les travaux de la rocade.<\/p>\n<p>Etaient pr\u00e9sents, Mme Duwez ( maire de Lourches), des adjoints et conseillers de&nbsp; Lourches et Escaudain, des repr\u00e9sentants de la CAPH, de l&rsquo;entreprise Artelia, des membres administratifs des 2 communes , et 3 personnes&nbsp; du comit\u00e9 Nervo.<\/p>\n<p>Le repr\u00e9sentant d&rsquo;Artelia a annonc\u00e9 la fin des travaux pour d\u00e9but avril. Il a \u00e9galement donn\u00e9 des compl\u00e9ments d&rsquo;informations sur les divers sens de circulations,&nbsp; le nombre de v\u00e9hicules estim\u00e9s, les panneaux ,le city-stade&#8230;\u2026..<\/p>\n<p>Les personnes pr\u00e9sentes ont pu discuter longuement sur ces travaux et leurs r\u00e9percussions&nbsp; sur la vie des riverains : nuisances diverses, d\u00e9pr\u00e9ciation des habitations, cadre de vie\u2026. beaucoup de sujets !!!!!!<\/p>\n<p>Enfin, il est <strong><em>plus que souhaitable<\/em><\/strong> qu&rsquo;une r\u00e9union avec toute la population, cette fois, concern\u00e9e par ce projet soit programm\u00e9e assez rapidement.<\/p>\n<p>&nbsp; &nbsp; &nbsp; &nbsp; &nbsp; &nbsp; &nbsp; &nbsp; &nbsp; &nbsp; &nbsp; &nbsp; &nbsp; &nbsp; &nbsp; &nbsp; &nbsp; &nbsp; &nbsp; &nbsp; &nbsp; &nbsp; &nbsp; &nbsp; &nbsp; &nbsp; &nbsp; &nbsp; &nbsp; <a href=\"https:\/\/www.comitenervo.fr\/wp-content\/uploads\/2022\/03\/photo2reunion-1103-scaled.jpg\"><img loading=\"lazy\" decoding=\"async\" class=\"aligncenter size-medium wp-image-7915\" src=\"https:\/\/www.comitenervo.fr\/wp-content\/uploads\/2022\/03\/photo2reunion-1103-300x225.jpg\" alt=\"\" width=\"300\" height=\"225\" srcset=\"https:\/\/www.comitenervo.fr\/wp-content\/uploads\/2022\/03\/photo2reunion-1103-300x225.jpg 300w, https:\/\/www.comitenervo.fr\/wp-content\/uploads\/2022\/03\/photo2reunion-1103-1024x768.jpg 1024w, https:\/\/www.comitenervo.fr\/wp-content\/uploads\/2022\/03\/photo2reunion-1103-768x576.jpg 768w, https:\/\/www.comitenervo.fr\/wp-content\/uploads\/2022\/03\/photo2reunion-1103-1536x1152.jpg 1536w, https:\/\/www.comitenervo.fr\/wp-content\/uploads\/2022\/03\/photo2reunion-1103-2048x1536.jpg 2048w, https:\/\/www.comitenervo.fr\/wp-content\/uploads\/2022\/03\/photo2reunion-1103-400x300.jpg 400w\" sizes=\"auto, (max-width: 300px) 100vw, 300px\" \/>&nbsp;&nbsp;&nbsp;&nbsp;&nbsp;&nbsp;&nbsp;&nbsp;&nbsp;&nbsp;&nbsp;&nbsp;&nbsp;&nbsp;&nbsp;&nbsp;&nbsp;&nbsp;&nbsp;&nbsp;&nbsp;&nbsp;&nbsp;&nbsp;&nbsp;&nbsp;&nbsp;&nbsp;&nbsp;&nbsp;&nbsp;&nbsp;&nbsp;&nbsp;&nbsp;&nbsp;&nbsp;&nbsp;&nbsp;&nbsp;&nbsp;&nbsp;&nbsp;&nbsp;&nbsp;&nbsp;&nbsp;&nbsp;&nbsp;&nbsp;&nbsp;&nbsp;&nbsp;&nbsp;&nbsp;&nbsp;&nbsp;&nbsp;&nbsp;&nbsp;&nbsp;&nbsp;&nbsp;&nbsp;&nbsp;&nbsp; <\/a><a href=\"https:\/\/www.comitenervo.fr\/wp-content\/uploads\/2022\/03\/photo1reunion1103-scaled.jpg\"><img loading=\"lazy\" decoding=\"async\" class=\"aligncenter size-medium wp-image-7914\" src=\"https:\/\/www.comitenervo.fr\/wp-content\/uploads\/2022\/03\/photo1reunion1103-300x225.jpg\" alt=\"\" width=\"300\" height=\"225\" srcset=\"https:\/\/www.comitenervo.fr\/wp-content\/uploads\/2022\/03\/photo1reunion1103-300x225.jpg 300w, https:\/\/www.comitenervo.fr\/wp-content\/uploads\/2022\/03\/photo1reunion1103-1024x768.jpg 1024w, https:\/\/www.comitenervo.fr\/wp-content\/uploads\/2022\/03\/photo1reunion1103-768x576.jpg 768w, https:\/\/www.comitenervo.fr\/wp-content\/uploads\/2022\/03\/photo1reunion1103-1536x1152.jpg 1536w, https:\/\/www.comitenervo.fr\/wp-content\/uploads\/2022\/03\/photo1reunion1103-2048x1536.jpg 2048w, https:\/\/www.comitenervo.fr\/wp-content\/uploads\/2022\/03\/photo1reunion1103-400x300.jpg 400w\" sizes=\"auto, (max-width: 300px) 100vw, 300px\" \/><\/a><\/p>\n","protected":false},"excerpt":{"rendered":"<p>Ce vendredi 11mars 2022 ,au local associatif,&nbsp; s&rsquo;est d\u00e9roul\u00e9e une r\u00e9union concernant les travaux de la rocade. Etaient pr\u00e9sents, Mme Duwez ( maire de Lourches), des adjoints et conseillers de&nbsp; Lourches et Escaudain, des repr\u00e9sentants de la CAPH, de l&rsquo;entreprise &hellip; <a href=\"https:\/\/www.comitenervo.fr\/?p=7913\">Continuer la lecture <span class=\"meta-nav\">&rarr;<\/span><\/a><\/p>\n","protected":false},"author":2,"featured_media":0,"comment_status":"open","ping_status":"open","sticky":false,"template":"","format":"standard","meta":{"_monsterinsights_skip_tracking":false,"_monsterinsights_sitenote_active":false,"_monsterinsights_sitenote_note":"","_monsterinsights_sitenote_category":0,"ngg_post_thumbnail":0,"footnotes":""},"categories":[12,6],"tags":[],"class_list":["post-7913","post","type-post","status-publish","format-standard","hentry","category-local-de-la-cite","category-vie-de-la-cite"],"_links":{"self":[{"href":"https:\/\/www.comitenervo.fr\/index.php?rest_route=\/wp\/v2\/posts\/7913","targetHints":{"allow":["GET"]}}],"collection":[{"href":"https:\/\/www.comitenervo.fr\/index.php?rest_route=\/wp\/v2\/posts"}],"about":[{"href":"https:\/\/www.comitenervo.fr\/index.php?rest_route=\/wp\/v2\/types\/post"}],"author":[{"embeddable":true,"href":"https:\/\/www.comitenervo.fr\/index.php?rest_route=\/wp\/v2\/users\/2"}],"replies":[{"embeddable":true,"href":"https:\/\/www.comitenervo.fr\/index.php?rest_route=%2Fwp%2Fv2%2Fcomments&post=7913"}],"version-history":[{"count":2,"href":"https:\/\/www.comitenervo.fr\/index.php?rest_route=\/wp\/v2\/posts\/7913\/revisions"}],"predecessor-version":[{"id":7917,"href":"https:\/\/www.comitenervo.fr\/index.php?rest_route=\/wp\/v2\/posts\/7913\/revisions\/7917"}],"wp:attachment":[{"href":"https:\/\/www.comitenervo.fr\/index.php?rest_route=%2Fwp%2Fv2%2Fmedia&parent=7913"}],"wp:term":[{"taxonomy":"category","embeddable":true,"href":"https:\/\/www.comitenervo.fr\/index.php?rest_route=%2Fwp%2Fv2%2Fcategories&post=7913"},{"taxonomy":"post_tag","embeddable":true,"href":"https:\/\/www.comitenervo.fr\/index.php?rest_route=%2Fwp%2Fv2%2Ftags&post=7913"}],"curies":[{"name":"wp","href":"https:\/\/api.w.org\/{rel}","templated":true}]}}