{"id":7892,"date":"2022-01-18T10:47:47","date_gmt":"2022-01-18T09:47:47","guid":{"rendered":"https:\/\/www.comitenervo.fr\/?p=7892"},"modified":"2022-07-05T09:49:56","modified_gmt":"2022-07-05T07:49:56","slug":"deces-de-mme-barbieux","status":"publish","type":"post","link":"https:\/\/www.comitenervo.fr\/?p=7892","title":{"rendered":"DECES DE MME. BARBIEUX."},"content":{"rendered":"<p>Nous avons appris , ce lundi 17 Janvier, le d\u00e9c\u00e8s de Mme Barbieux Marie Jos\u00e9e.<\/p>\n<p>Elle habitait dans la cit\u00e9&nbsp; depuis de nombreuses ann\u00e9es et \u00e9tait tr\u00e8s appr\u00e9ci\u00e9e pour sa gentillesse et sa discr\u00e9tion.<\/p>\n<p>Ses fun\u00e9railles seront c\u00e9l\u00e9br\u00e9es le jeudi 20 janvier en l&rsquo;\u00e9glise d&rsquo;Escaudain \u00e0 11h00.<\/p>\n<p>Le comit\u00e9 Nervo pr\u00e9sente \u00e0 Jean Pierre et \u00e0 toute sa famille ses sinc\u00e8res condol\u00e9ances.<\/p>\n<div id=\"attachment_7893\" style=\"width: 310px\" class=\"wp-caption aligncenter\"><a href=\"https:\/\/www.comitenervo.fr\/wp-content\/uploads\/2022\/01\/mjbarb-scaled.jpg\"><img loading=\"lazy\" decoding=\"async\" aria-describedby=\"caption-attachment-7893\" class=\"size-medium wp-image-7893\" src=\"https:\/\/www.comitenervo.fr\/wp-content\/uploads\/2022\/01\/mjbarb-300x200.jpg\" alt=\"\" width=\"300\" height=\"200\" srcset=\"https:\/\/www.comitenervo.fr\/wp-content\/uploads\/2022\/01\/mjbarb-300x200.jpg 300w, https:\/\/www.comitenervo.fr\/wp-content\/uploads\/2022\/01\/mjbarb-1024x681.jpg 1024w, https:\/\/www.comitenervo.fr\/wp-content\/uploads\/2022\/01\/mjbarb-768x511.jpg 768w, https:\/\/www.comitenervo.fr\/wp-content\/uploads\/2022\/01\/mjbarb-1536x1022.jpg 1536w, https:\/\/www.comitenervo.fr\/wp-content\/uploads\/2022\/01\/mjbarb-2048x1363.jpg 2048w, https:\/\/www.comitenervo.fr\/wp-content\/uploads\/2022\/01\/mjbarb-451x300.jpg 451w\" sizes=\"auto, (max-width: 300px) 100vw, 300px\" \/><\/a><p id=\"caption-attachment-7893\" class=\"wp-caption-text\">Marie-Jos\u00e9e.<\/p><\/div>\n","protected":false},"excerpt":{"rendered":"<p>Nous avons appris , ce lundi 17 Janvier, le d\u00e9c\u00e8s de Mme Barbieux Marie Jos\u00e9e. Elle habitait dans la cit\u00e9&nbsp; depuis de nombreuses ann\u00e9es et \u00e9tait tr\u00e8s appr\u00e9ci\u00e9e pour sa gentillesse et sa discr\u00e9tion. Ses fun\u00e9railles seront c\u00e9l\u00e9br\u00e9es le jeudi &hellip; <a href=\"https:\/\/www.comitenervo.fr\/?p=7892\">Continuer la lecture <span class=\"meta-nav\">&rarr;<\/span><\/a><\/p>\n","protected":false},"author":2,"featured_media":0,"comment_status":"open","ping_status":"open","sticky":false,"template":"","format":"standard","meta":{"_monsterinsights_skip_tracking":false,"_monsterinsights_sitenote_active":false,"_monsterinsights_sitenote_note":"","_monsterinsights_sitenote_category":0,"ngg_post_thumbnail":0,"footnotes":""},"categories":[10,6],"tags":[],"class_list":["post-7892","post","type-post","status-publish","format-standard","hentry","category-portrait","category-vie-de-la-cite"],"_links":{"self":[{"href":"https:\/\/www.comitenervo.fr\/index.php?rest_route=\/wp\/v2\/posts\/7892","targetHints":{"allow":["GET"]}}],"collection":[{"href":"https:\/\/www.comitenervo.fr\/index.php?rest_route=\/wp\/v2\/posts"}],"about":[{"href":"https:\/\/www.comitenervo.fr\/index.php?rest_route=\/wp\/v2\/types\/post"}],"author":[{"embeddable":true,"href":"https:\/\/www.comitenervo.fr\/index.php?rest_route=\/wp\/v2\/users\/2"}],"replies":[{"embeddable":true,"href":"https:\/\/www.comitenervo.fr\/index.php?rest_route=%2Fwp%2Fv2%2Fcomments&post=7892"}],"version-history":[{"count":3,"href":"https:\/\/www.comitenervo.fr\/index.php?rest_route=\/wp\/v2\/posts\/7892\/revisions"}],"predecessor-version":[{"id":7896,"href":"https:\/\/www.comitenervo.fr\/index.php?rest_route=\/wp\/v2\/posts\/7892\/revisions\/7896"}],"wp:attachment":[{"href":"https:\/\/www.comitenervo.fr\/index.php?rest_route=%2Fwp%2Fv2%2Fmedia&parent=7892"}],"wp:term":[{"taxonomy":"category","embeddable":true,"href":"https:\/\/www.comitenervo.fr\/index.php?rest_route=%2Fwp%2Fv2%2Fcategories&post=7892"},{"taxonomy":"post_tag","embeddable":true,"href":"https:\/\/www.comitenervo.fr\/index.php?rest_route=%2Fwp%2Fv2%2Ftags&post=7892"}],"curies":[{"name":"wp","href":"https:\/\/api.w.org\/{rel}","templated":true}]}}