{"id":7872,"date":"2021-12-06T11:07:36","date_gmt":"2021-12-06T10:07:36","guid":{"rendered":"https:\/\/www.comitenervo.fr\/?p=7872"},"modified":"2022-07-05T09:49:07","modified_gmt":"2022-07-05T07:49:07","slug":"guirlande-et-sapin","status":"publish","type":"post","link":"https:\/\/www.comitenervo.fr\/?p=7872","title":{"rendered":"GUIRLANDE ET SAPIN."},"content":{"rendered":"<p>En cette p\u00e9riode morose , il faut essayer de vivre \u00ab\u00a0normalement\u00a0\u00bb.<\/p>\n<p>Le sapin au local et notre guirlande situ\u00e9e au rond-point (merci Marc) nous rappellent que nous sommes dans une p\u00e9riode de f\u00eates, et normalement de joie, gaiet\u00e9..<\/p>\n<p>R\u00e9gine et Krystyna ont&nbsp; install\u00e9 ,avec beaucoup de go\u00fbt, le traditionnel sapin au local associatif.<\/p>\n<p>F\u00e9licitations.&nbsp;<\/p>\n<div id=\"attachment_7873\" style=\"width: 160px\" class=\"wp-caption alignleft\"><a href=\"https:\/\/www.comitenervo.fr\/wp-content\/uploads\/2021\/12\/P1050079guirlande-scaled.jpg\"><img loading=\"lazy\" decoding=\"async\" aria-describedby=\"caption-attachment-7873\" class=\"size-thumbnail wp-image-7873\" src=\"https:\/\/www.comitenervo.fr\/wp-content\/uploads\/2021\/12\/P1050079guirlande-150x150.jpg\" alt=\"\" width=\"150\" height=\"150\"><\/a><p id=\"caption-attachment-7873\" class=\"wp-caption-text\">la guirlande \u00e0 Marc&nbsp; &nbsp;&nbsp;<\/p><\/div>\n<div id=\"attachment_7874\" style=\"width: 160px\" class=\"wp-caption aligncenter\"><a href=\"https:\/\/www.comitenervo.fr\/wp-content\/uploads\/2021\/12\/sapin1-scaled.jpg\"><img loading=\"lazy\" decoding=\"async\" aria-describedby=\"caption-attachment-7874\" class=\"size-thumbnail wp-image-7874\" src=\"https:\/\/www.comitenervo.fr\/wp-content\/uploads\/2021\/12\/sapin1-150x150.jpg\" alt=\"\" width=\"150\" height=\"150\"><\/a><p id=\"caption-attachment-7874\" class=\"wp-caption-text\">Sapin avant.&nbsp;&nbsp;<\/p><\/div>\n<div id=\"attachment_7875\" style=\"width: 160px\" class=\"wp-caption alignright\"><a href=\"https:\/\/www.comitenervo.fr\/wp-content\/uploads\/2021\/12\/sapin2-scaled.jpg\"><img loading=\"lazy\" decoding=\"async\" aria-describedby=\"caption-attachment-7875\" class=\"size-thumbnail wp-image-7875\" src=\"https:\/\/www.comitenervo.fr\/wp-content\/uploads\/2021\/12\/sapin2-150x150.jpg\" alt=\"\" width=\"150\" height=\"150\"><\/a><p id=\"caption-attachment-7875\" class=\"wp-caption-text\">Sapin apr\u00e8s.<\/p><\/div>\n","protected":false},"excerpt":{"rendered":"<p>En cette p\u00e9riode morose , il faut essayer de vivre \u00ab\u00a0normalement\u00a0\u00bb. Le sapin au local et notre guirlande situ\u00e9e au rond-point (merci Marc) nous rappellent que nous sommes dans une p\u00e9riode de f\u00eates, et normalement de joie, gaiet\u00e9.. R\u00e9gine et &hellip; <a href=\"https:\/\/www.comitenervo.fr\/?p=7872\">Continuer la lecture <span class=\"meta-nav\">&rarr;<\/span><\/a><\/p>\n","protected":false},"author":2,"featured_media":0,"comment_status":"open","ping_status":"open","sticky":false,"template":"","format":"standard","meta":{"_monsterinsights_skip_tracking":false,"_monsterinsights_sitenote_active":false,"_monsterinsights_sitenote_note":"","_monsterinsights_sitenote_category":0,"ngg_post_thumbnail":0,"footnotes":""},"categories":[9,12,6],"tags":[],"class_list":["post-7872","post","type-post","status-publish","format-standard","hentry","category-evenement","category-local-de-la-cite","category-vie-de-la-cite"],"_links":{"self":[{"href":"https:\/\/www.comitenervo.fr\/index.php?rest_route=\/wp\/v2\/posts\/7872","targetHints":{"allow":["GET"]}}],"collection":[{"href":"https:\/\/www.comitenervo.fr\/index.php?rest_route=\/wp\/v2\/posts"}],"about":[{"href":"https:\/\/www.comitenervo.fr\/index.php?rest_route=\/wp\/v2\/types\/post"}],"author":[{"embeddable":true,"href":"https:\/\/www.comitenervo.fr\/index.php?rest_route=\/wp\/v2\/users\/2"}],"replies":[{"embeddable":true,"href":"https:\/\/www.comitenervo.fr\/index.php?rest_route=%2Fwp%2Fv2%2Fcomments&post=7872"}],"version-history":[{"count":1,"href":"https:\/\/www.comitenervo.fr\/index.php?rest_route=\/wp\/v2\/posts\/7872\/revisions"}],"predecessor-version":[{"id":7876,"href":"https:\/\/www.comitenervo.fr\/index.php?rest_route=\/wp\/v2\/posts\/7872\/revisions\/7876"}],"wp:attachment":[{"href":"https:\/\/www.comitenervo.fr\/index.php?rest_route=%2Fwp%2Fv2%2Fmedia&parent=7872"}],"wp:term":[{"taxonomy":"category","embeddable":true,"href":"https:\/\/www.comitenervo.fr\/index.php?rest_route=%2Fwp%2Fv2%2Fcategories&post=7872"},{"taxonomy":"post_tag","embeddable":true,"href":"https:\/\/www.comitenervo.fr\/index.php?rest_route=%2Fwp%2Fv2%2Ftags&post=7872"}],"curies":[{"name":"wp","href":"https:\/\/api.w.org\/{rel}","templated":true}]}}