{"id":7870,"date":"2021-12-04T12:28:05","date_gmt":"2021-12-04T11:28:05","guid":{"rendered":"https:\/\/www.comitenervo.fr\/?p=7870"},"modified":"2022-07-05T09:48:39","modified_gmt":"2022-07-05T07:48:39","slug":"excursion-a-reims-annulee","status":"publish","type":"post","link":"https:\/\/www.comitenervo.fr\/?p=7870","title":{"rendered":"EXCURSION A REIMS : ANNULEE."},"content":{"rendered":"<p>24 personnes inscrites, 5 contamin\u00e9es : il \u00e9tait raisonnable d&rsquo;annuler l&rsquo;excursion au march\u00e9 de No\u00ebl \u00e0 Reims.<\/p>\n<p>En esp\u00e9rant que 2022, soit plus favorable \u00e0 \u00ab\u00a0une vie normale\u00a0\u00bb.&nbsp;<\/p>\n<p>Le No\u00ebl des enfants est maintenu : le p\u00e8re No\u00ebl sera pr\u00e9sent au local associatif&nbsp; le samedi 18 d\u00e9cembre.<\/p>\n","protected":false},"excerpt":{"rendered":"<p>24 personnes inscrites, 5 contamin\u00e9es : il \u00e9tait raisonnable d&rsquo;annuler l&rsquo;excursion au march\u00e9 de No\u00ebl \u00e0 Reims. En esp\u00e9rant que 2022, soit plus favorable \u00e0 \u00ab\u00a0une vie normale\u00a0\u00bb.&nbsp; Le No\u00ebl des enfants est maintenu : le p\u00e8re No\u00ebl sera pr\u00e9sent &hellip; <a href=\"https:\/\/www.comitenervo.fr\/?p=7870\">Continuer la lecture <span class=\"meta-nav\">&rarr;<\/span><\/a><\/p>\n","protected":false},"author":2,"featured_media":0,"comment_status":"open","ping_status":"open","sticky":false,"template":"","format":"standard","meta":{"_monsterinsights_skip_tracking":false,"_monsterinsights_sitenote_active":false,"_monsterinsights_sitenote_note":"","_monsterinsights_sitenote_category":0,"ngg_post_thumbnail":0,"footnotes":""},"categories":[9,8],"tags":[],"class_list":["post-7870","post","type-post","status-publish","format-standard","hentry","category-evenement","category-voyage"],"_links":{"self":[{"href":"https:\/\/www.comitenervo.fr\/index.php?rest_route=\/wp\/v2\/posts\/7870","targetHints":{"allow":["GET"]}}],"collection":[{"href":"https:\/\/www.comitenervo.fr\/index.php?rest_route=\/wp\/v2\/posts"}],"about":[{"href":"https:\/\/www.comitenervo.fr\/index.php?rest_route=\/wp\/v2\/types\/post"}],"author":[{"embeddable":true,"href":"https:\/\/www.comitenervo.fr\/index.php?rest_route=\/wp\/v2\/users\/2"}],"replies":[{"embeddable":true,"href":"https:\/\/www.comitenervo.fr\/index.php?rest_route=%2Fwp%2Fv2%2Fcomments&post=7870"}],"version-history":[{"count":1,"href":"https:\/\/www.comitenervo.fr\/index.php?rest_route=\/wp\/v2\/posts\/7870\/revisions"}],"predecessor-version":[{"id":7871,"href":"https:\/\/www.comitenervo.fr\/index.php?rest_route=\/wp\/v2\/posts\/7870\/revisions\/7871"}],"wp:attachment":[{"href":"https:\/\/www.comitenervo.fr\/index.php?rest_route=%2Fwp%2Fv2%2Fmedia&parent=7870"}],"wp:term":[{"taxonomy":"category","embeddable":true,"href":"https:\/\/www.comitenervo.fr\/index.php?rest_route=%2Fwp%2Fv2%2Fcategories&post=7870"},{"taxonomy":"post_tag","embeddable":true,"href":"https:\/\/www.comitenervo.fr\/index.php?rest_route=%2Fwp%2Fv2%2Ftags&post=7870"}],"curies":[{"name":"wp","href":"https:\/\/api.w.org\/{rel}","templated":true}]}}