{"id":7854,"date":"2021-11-26T09:24:30","date_gmt":"2021-11-26T08:24:30","guid":{"rendered":"https:\/\/www.comitenervo.fr\/?p=7854"},"modified":"2022-07-05T09:48:01","modified_gmt":"2022-07-05T07:48:01","slug":"marche-de-noel-a-reims","status":"publish","type":"post","link":"https:\/\/www.comitenervo.fr\/?p=7854","title":{"rendered":"MARCHE DE NO\u00cbL A REIMS."},"content":{"rendered":"<p>Le comit\u00e9 Nervo organise une excursion au march\u00e9 de No\u00ebl de Reims le samedi 11 d\u00e9cembre 2021.<\/p>\n<p>D\u00e9part \u00e0 13h00 du local associatif au 21 all\u00e9e Nervo.<\/p>\n<p>Retour vers 22h00 \u00e0 Escaudain.<\/p>\n<p>Cette excursion pourrait \u00eatre annul\u00e9e en fonction des nouvelles instructions gouvernementales.<\/p>\n<div id=\"attachment_7856\" style=\"width: 228px\" class=\"wp-caption aligncenter\"><a href=\"https:\/\/www.comitenervo.fr\/wp-content\/uploads\/2021\/11\/AFFICHESCANREIMS21.jpg\"><img loading=\"lazy\" decoding=\"async\" aria-describedby=\"caption-attachment-7856\" class=\"size-medium wp-image-7856\" src=\"https:\/\/www.comitenervo.fr\/wp-content\/uploads\/2021\/11\/AFFICHESCANREIMS21-218x300.jpg\" alt=\"\" width=\"218\" height=\"300\" srcset=\"https:\/\/www.comitenervo.fr\/wp-content\/uploads\/2021\/11\/AFFICHESCANREIMS21-218x300.jpg 218w, https:\/\/www.comitenervo.fr\/wp-content\/uploads\/2021\/11\/AFFICHESCANREIMS21-745x1024.jpg 745w, https:\/\/www.comitenervo.fr\/wp-content\/uploads\/2021\/11\/AFFICHESCANREIMS21-768x1056.jpg 768w, https:\/\/www.comitenervo.fr\/wp-content\/uploads\/2021\/11\/AFFICHESCANREIMS21-1117x1536.jpg 1117w, https:\/\/www.comitenervo.fr\/wp-content\/uploads\/2021\/11\/AFFICHESCANREIMS21-1489x2048.jpg 1489w, https:\/\/www.comitenervo.fr\/wp-content\/uploads\/2021\/11\/AFFICHESCANREIMS21.jpg 1700w\" sizes=\"auto, (max-width: 218px) 100vw, 218px\" \/><\/a><p id=\"caption-attachment-7856\" class=\"wp-caption-text\">imprim\u00e9 d&rsquo;inscription<\/p><\/div>\n","protected":false},"excerpt":{"rendered":"<p>Le comit\u00e9 Nervo organise une excursion au march\u00e9 de No\u00ebl de Reims le samedi 11 d\u00e9cembre 2021. D\u00e9part \u00e0 13h00 du local associatif au 21 all\u00e9e Nervo. Retour vers 22h00 \u00e0 Escaudain. Cette excursion pourrait \u00eatre annul\u00e9e en fonction des &hellip; <a href=\"https:\/\/www.comitenervo.fr\/?p=7854\">Continuer la lecture <span class=\"meta-nav\">&rarr;<\/span><\/a><\/p>\n","protected":false},"author":2,"featured_media":0,"comment_status":"open","ping_status":"open","sticky":false,"template":"","format":"standard","meta":{"_monsterinsights_skip_tracking":false,"_monsterinsights_sitenote_active":false,"_monsterinsights_sitenote_note":"","_monsterinsights_sitenote_category":0,"ngg_post_thumbnail":0,"footnotes":""},"categories":[9,8],"tags":[],"class_list":["post-7854","post","type-post","status-publish","format-standard","hentry","category-evenement","category-voyage"],"_links":{"self":[{"href":"https:\/\/www.comitenervo.fr\/index.php?rest_route=\/wp\/v2\/posts\/7854","targetHints":{"allow":["GET"]}}],"collection":[{"href":"https:\/\/www.comitenervo.fr\/index.php?rest_route=\/wp\/v2\/posts"}],"about":[{"href":"https:\/\/www.comitenervo.fr\/index.php?rest_route=\/wp\/v2\/types\/post"}],"author":[{"embeddable":true,"href":"https:\/\/www.comitenervo.fr\/index.php?rest_route=\/wp\/v2\/users\/2"}],"replies":[{"embeddable":true,"href":"https:\/\/www.comitenervo.fr\/index.php?rest_route=%2Fwp%2Fv2%2Fcomments&post=7854"}],"version-history":[{"count":2,"href":"https:\/\/www.comitenervo.fr\/index.php?rest_route=\/wp\/v2\/posts\/7854\/revisions"}],"predecessor-version":[{"id":7858,"href":"https:\/\/www.comitenervo.fr\/index.php?rest_route=\/wp\/v2\/posts\/7854\/revisions\/7858"}],"wp:attachment":[{"href":"https:\/\/www.comitenervo.fr\/index.php?rest_route=%2Fwp%2Fv2%2Fmedia&parent=7854"}],"wp:term":[{"taxonomy":"category","embeddable":true,"href":"https:\/\/www.comitenervo.fr\/index.php?rest_route=%2Fwp%2Fv2%2Fcategories&post=7854"},{"taxonomy":"post_tag","embeddable":true,"href":"https:\/\/www.comitenervo.fr\/index.php?rest_route=%2Fwp%2Fv2%2Ftags&post=7854"}],"curies":[{"name":"wp","href":"https:\/\/api.w.org\/{rel}","templated":true}]}}