{"id":7846,"date":"2021-11-01T10:52:23","date_gmt":"2021-11-01T09:52:23","guid":{"rendered":"https:\/\/www.comitenervo.fr\/?p=7846"},"modified":"2022-07-05T09:47:55","modified_gmt":"2022-07-05T07:47:55","slug":"halloween-a-la-cite-nervo","status":"publish","type":"post","link":"https:\/\/www.comitenervo.fr\/?p=7846","title":{"rendered":"HALLOWEEN A LA CITE NERVO."},"content":{"rendered":"<p>R\u00e9gine Colette et Nadine Wuilbeaux, membres du comit\u00e9 avaient \u00e9mis l&rsquo;id\u00e9e d&rsquo;organiser une f\u00eate sous le th\u00e8me d&rsquo;halloween au local&nbsp; associatif.<\/p>\n<p>Pourquoi pas ? Simplement pour \u00ab\u00a0le fun\u00a0\u00bb et le plaisir des enfants .<\/p>\n<p>D\u00e9corations, friandises, jeux anciens pr\u00eat\u00e9s par la m\u00e9diath\u00e8que d&rsquo;Escaudain, tout \u00e9tait r\u00e9uni pour que cette f\u00eate soit r\u00e9ussie.<\/p>\n<p>Aur\u00e9lie Mar\u00e9chal ,nouvelle habitante du quartier et&nbsp; esth\u00e9ticienne&nbsp; de profession, s&rsquo;\u00e9tait propos\u00e9e pour maquiller gratuitement les enfants;<\/p>\n<p>Aur\u00e9lie a eu du travail :plus de 25 petits diables sont venus !!!!!.<\/p>\n<p>Michel Fontaine ,pr\u00e9sident, f\u00e9licita Aur\u00e9lie, R\u00e9gine et Nadine pour cette initiative qui a ravi les enfants.&nbsp; &nbsp; &nbsp; &nbsp; &nbsp; &nbsp; &nbsp; &nbsp; &nbsp; &nbsp; &nbsp; &nbsp; &nbsp; &nbsp; &nbsp; &nbsp; &nbsp; &nbsp; &nbsp; &nbsp; &nbsp; &nbsp;<\/p>\n<div id=\"attachment_7848\" style=\"width: 160px\" class=\"wp-caption aligncenter\"><a href=\"https:\/\/www.comitenervo.fr\/wp-content\/uploads\/2021\/11\/hallow2-scaled.jpg\"><img loading=\"lazy\" decoding=\"async\" aria-describedby=\"caption-attachment-7848\" class=\"size-thumbnail wp-image-7848\" src=\"https:\/\/www.comitenervo.fr\/wp-content\/uploads\/2021\/11\/hallow2-150x150.jpg\" alt=\"\" width=\"150\" height=\"150\"><\/a><p id=\"caption-attachment-7848\" class=\"wp-caption-text\">Nadine, R\u00e9gine et une belle petite sorci\u00e8re!!!&nbsp; &nbsp; &nbsp; &nbsp; &nbsp; &nbsp; &nbsp; &nbsp; &nbsp; &nbsp; &nbsp; &nbsp; &nbsp; &nbsp; &nbsp; &nbsp;&nbsp;<\/p><\/div>\n<div id=\"attachment_7849\" style=\"width: 160px\" class=\"wp-caption alignright\"><a href=\"https:\/\/www.comitenervo.fr\/wp-content\/uploads\/2021\/11\/hallow5-scaled.jpg\"><img loading=\"lazy\" decoding=\"async\" aria-describedby=\"caption-attachment-7849\" class=\"size-thumbnail wp-image-7849\" src=\"https:\/\/www.comitenervo.fr\/wp-content\/uploads\/2021\/11\/hallow5-150x150.jpg\" alt=\"\" width=\"150\" height=\"150\"><\/a><p id=\"caption-attachment-7849\" class=\"wp-caption-text\">Jeux anciens pr\u00eat\u00e9s par la m\u00e9diath\u00e8que.<\/p><\/div>\n<div id=\"attachment_7847\" style=\"width: 160px\" class=\"wp-caption alignleft\"><a href=\"https:\/\/www.comitenervo.fr\/wp-content\/uploads\/2021\/11\/hallow1-scaled.jpg\"><img loading=\"lazy\" decoding=\"async\" aria-describedby=\"caption-attachment-7847\" class=\"size-thumbnail wp-image-7847\" src=\"https:\/\/www.comitenervo.fr\/wp-content\/uploads\/2021\/11\/hallow1-150x150.jpg\" alt=\"\" width=\"150\" height=\"150\"><\/a><p id=\"caption-attachment-7847\" class=\"wp-caption-text\">Nombreux enfants.<\/p><\/div>\n","protected":false},"excerpt":{"rendered":"<p>R\u00e9gine Colette et Nadine Wuilbeaux, membres du comit\u00e9 avaient \u00e9mis l&rsquo;id\u00e9e d&rsquo;organiser une f\u00eate sous le th\u00e8me d&rsquo;halloween au local&nbsp; associatif. Pourquoi pas ? Simplement pour \u00ab\u00a0le fun\u00a0\u00bb et le plaisir des enfants . D\u00e9corations, friandises, jeux anciens pr\u00eat\u00e9s par &hellip; <a href=\"https:\/\/www.comitenervo.fr\/?p=7846\">Continuer la lecture <span class=\"meta-nav\">&rarr;<\/span><\/a><\/p>\n","protected":false},"author":2,"featured_media":0,"comment_status":"open","ping_status":"open","sticky":false,"template":"","format":"standard","meta":{"_monsterinsights_skip_tracking":false,"_monsterinsights_sitenote_active":false,"_monsterinsights_sitenote_note":"","_monsterinsights_sitenote_category":0,"ngg_post_thumbnail":0,"footnotes":""},"categories":[9,12,6],"tags":[],"class_list":["post-7846","post","type-post","status-publish","format-standard","hentry","category-evenement","category-local-de-la-cite","category-vie-de-la-cite"],"_links":{"self":[{"href":"https:\/\/www.comitenervo.fr\/index.php?rest_route=\/wp\/v2\/posts\/7846","targetHints":{"allow":["GET"]}}],"collection":[{"href":"https:\/\/www.comitenervo.fr\/index.php?rest_route=\/wp\/v2\/posts"}],"about":[{"href":"https:\/\/www.comitenervo.fr\/index.php?rest_route=\/wp\/v2\/types\/post"}],"author":[{"embeddable":true,"href":"https:\/\/www.comitenervo.fr\/index.php?rest_route=\/wp\/v2\/users\/2"}],"replies":[{"embeddable":true,"href":"https:\/\/www.comitenervo.fr\/index.php?rest_route=%2Fwp%2Fv2%2Fcomments&post=7846"}],"version-history":[{"count":3,"href":"https:\/\/www.comitenervo.fr\/index.php?rest_route=\/wp\/v2\/posts\/7846\/revisions"}],"predecessor-version":[{"id":7853,"href":"https:\/\/www.comitenervo.fr\/index.php?rest_route=\/wp\/v2\/posts\/7846\/revisions\/7853"}],"wp:attachment":[{"href":"https:\/\/www.comitenervo.fr\/index.php?rest_route=%2Fwp%2Fv2%2Fmedia&parent=7846"}],"wp:term":[{"taxonomy":"category","embeddable":true,"href":"https:\/\/www.comitenervo.fr\/index.php?rest_route=%2Fwp%2Fv2%2Fcategories&post=7846"},{"taxonomy":"post_tag","embeddable":true,"href":"https:\/\/www.comitenervo.fr\/index.php?rest_route=%2Fwp%2Fv2%2Ftags&post=7846"}],"curies":[{"name":"wp","href":"https:\/\/api.w.org\/{rel}","templated":true}]}}