{"id":7837,"date":"2021-10-31T16:43:32","date_gmt":"2021-10-31T15:43:32","guid":{"rendered":"https:\/\/www.comitenervo.fr\/?p=7837"},"modified":"2022-07-05T09:47:41","modified_gmt":"2022-07-05T07:47:41","slug":"repas-atelier-cuisine-deuxieme","status":"publish","type":"post","link":"https:\/\/www.comitenervo.fr\/?p=7837","title":{"rendered":"REPAS ATELIER CUISINE: DEUXI\u00c8ME."},"content":{"rendered":"<p>Le deuxi\u00e8me repas r\u00e9alis\u00e9 apr\u00e8s la pand\u00e9mie, dans le cadre de l&rsquo;atelier cuisine s&rsquo;est d\u00e9roul\u00e9 ce mercredi 27 octobre avec 15 participants.<\/p>\n<p>Bien s\u00fbr ,on a connu la salle \u00e0 manger plus remplie mais il \u00ab\u00a0faut laisser le temps au temps\u00a0\u00bb et Christel est bien l\u00e0 pour rameuter ses troupes.<\/p>\n<p>Toujours est-il qu&rsquo;une fois de plus tout le monde s&rsquo;est r\u00e9gal\u00e9!!!!!!!<\/p>\n<div id=\"attachment_7839\" style=\"width: 160px\" class=\"wp-caption alignleft\"><a href=\"https:\/\/www.comitenervo.fr\/wp-content\/uploads\/2021\/10\/nicole1-scaled.jpg\"><img loading=\"lazy\" decoding=\"async\" aria-describedby=\"caption-attachment-7839\" class=\"size-thumbnail wp-image-7839\" src=\"https:\/\/www.comitenervo.fr\/wp-content\/uploads\/2021\/10\/nicole1-150x150.jpg\" alt=\"\" width=\"150\" height=\"150\"><\/a><p id=\"caption-attachment-7839\" class=\"wp-caption-text\">Copieux<\/p><\/div>\n<p><a href=\"https:\/\/www.comitenervo.fr\/wp-content\/uploads\/2021\/10\/michele2-scaled.jpg\">&nbsp;&nbsp;&nbsp;&nbsp;&nbsp;&nbsp;&nbsp;&nbsp;&nbsp;&nbsp;&nbsp;&nbsp;&nbsp;&nbsp;&nbsp;&nbsp;&nbsp; <\/a><\/p>\n<div id=\"attachment_7843\" style=\"width: 160px\" class=\"wp-caption aligncenter\"><a href=\"https:\/\/www.comitenervo.fr\/wp-content\/uploads\/2021\/10\/joris4-1-scaled.jpg\"><img loading=\"lazy\" decoding=\"async\" aria-describedby=\"caption-attachment-7843\" class=\"size-thumbnail wp-image-7843\" src=\"https:\/\/www.comitenervo.fr\/wp-content\/uploads\/2021\/10\/joris4-1-150x150.jpg\" alt=\"\" width=\"150\" height=\"150\"><\/a><p id=\"caption-attachment-7843\" class=\"wp-caption-text\">Comment maigrir !!!!!!!&nbsp;&nbsp;&nbsp;&nbsp;&nbsp;&nbsp;&nbsp;&nbsp;&nbsp;&nbsp;&nbsp;&nbsp;&nbsp;&nbsp;&nbsp;&nbsp;&nbsp;&nbsp;&nbsp;&nbsp;&nbsp;&nbsp;&nbsp;&nbsp;&nbsp;&nbsp;&nbsp;&nbsp;&nbsp;&nbsp;&nbsp;&nbsp;&nbsp;&nbsp;&nbsp;&nbsp;&nbsp;&nbsp;&nbsp;&nbsp;&nbsp;&nbsp;<\/p><\/div>\n<div id=\"attachment_7844\" style=\"width: 160px\" class=\"wp-caption alignright\"><a href=\"https:\/\/www.comitenervo.fr\/wp-content\/uploads\/2021\/10\/christel3-1-scaled.jpg\"><img loading=\"lazy\" decoding=\"async\" aria-describedby=\"caption-attachment-7844\" class=\"size-thumbnail wp-image-7844\" src=\"https:\/\/www.comitenervo.fr\/wp-content\/uploads\/2021\/10\/christel3-1-150x150.jpg\" alt=\"\" width=\"150\" height=\"150\"><\/a><p id=\"caption-attachment-7844\" class=\"wp-caption-text\">C&rsquo;est bon Christel ?<\/p><\/div>\n","protected":false},"excerpt":{"rendered":"<p>Le deuxi\u00e8me repas r\u00e9alis\u00e9 apr\u00e8s la pand\u00e9mie, dans le cadre de l&rsquo;atelier cuisine s&rsquo;est d\u00e9roul\u00e9 ce mercredi 27 octobre avec 15 participants. Bien s\u00fbr ,on a connu la salle \u00e0 manger plus remplie mais il \u00ab\u00a0faut laisser le temps au &hellip; <a href=\"https:\/\/www.comitenervo.fr\/?p=7837\">Continuer la lecture <span class=\"meta-nav\">&rarr;<\/span><\/a><\/p>\n","protected":false},"author":2,"featured_media":0,"comment_status":"open","ping_status":"open","sticky":false,"template":"","format":"standard","meta":{"_monsterinsights_skip_tracking":false,"_monsterinsights_sitenote_active":false,"_monsterinsights_sitenote_note":"","_monsterinsights_sitenote_category":0,"ngg_post_thumbnail":0,"footnotes":""},"categories":[9,12,6],"tags":[],"class_list":["post-7837","post","type-post","status-publish","format-standard","hentry","category-evenement","category-local-de-la-cite","category-vie-de-la-cite"],"_links":{"self":[{"href":"https:\/\/www.comitenervo.fr\/index.php?rest_route=\/wp\/v2\/posts\/7837","targetHints":{"allow":["GET"]}}],"collection":[{"href":"https:\/\/www.comitenervo.fr\/index.php?rest_route=\/wp\/v2\/posts"}],"about":[{"href":"https:\/\/www.comitenervo.fr\/index.php?rest_route=\/wp\/v2\/types\/post"}],"author":[{"embeddable":true,"href":"https:\/\/www.comitenervo.fr\/index.php?rest_route=\/wp\/v2\/users\/2"}],"replies":[{"embeddable":true,"href":"https:\/\/www.comitenervo.fr\/index.php?rest_route=%2Fwp%2Fv2%2Fcomments&post=7837"}],"version-history":[{"count":1,"href":"https:\/\/www.comitenervo.fr\/index.php?rest_route=\/wp\/v2\/posts\/7837\/revisions"}],"predecessor-version":[{"id":7845,"href":"https:\/\/www.comitenervo.fr\/index.php?rest_route=\/wp\/v2\/posts\/7837\/revisions\/7845"}],"wp:attachment":[{"href":"https:\/\/www.comitenervo.fr\/index.php?rest_route=%2Fwp%2Fv2%2Fmedia&parent=7837"}],"wp:term":[{"taxonomy":"category","embeddable":true,"href":"https:\/\/www.comitenervo.fr\/index.php?rest_route=%2Fwp%2Fv2%2Fcategories&post=7837"},{"taxonomy":"post_tag","embeddable":true,"href":"https:\/\/www.comitenervo.fr\/index.php?rest_route=%2Fwp%2Fv2%2Ftags&post=7837"}],"curies":[{"name":"wp","href":"https:\/\/api.w.org\/{rel}","templated":true}]}}