{"id":7829,"date":"2021-10-18T11:15:33","date_gmt":"2021-10-18T09:15:33","guid":{"rendered":"https:\/\/www.comitenervo.fr\/?p=7829"},"modified":"2022-07-05T09:47:21","modified_gmt":"2022-07-05T07:47:21","slug":"equipements-urbains","status":"publish","type":"post","link":"https:\/\/www.comitenervo.fr\/?p=7829","title":{"rendered":"EQUIPEMENTS URBAINS ."},"content":{"rendered":"<p>Mis en place par la municipalit\u00e9 et dans le cadre du F.T.U (fonds de travaux urbains), des \u00e9quipements ont \u00e9t\u00e9 pos\u00e9s dans le quartier.<\/p>\n<p>Trois panneaux d&rsquo;affichage : \u00e0 l&rsquo;angle des&nbsp; all\u00e9es&nbsp; R\u00e9aumur et Jordan, au local associatif, et enfin au rond point \u00e0 l&rsquo;entr\u00e9e de la cit\u00e9.<\/p>\n<p>Un banc a \u00e9t\u00e9 install\u00e9 \u00e9galement&nbsp; pr\u00e8s du jardin du local.<\/p>\n<p>Quand c&rsquo;est bien \u2026..<\/p>\n<div id=\"attachment_7830\" style=\"width: 160px\" class=\"wp-caption alignright\"><a href=\"https:\/\/www.comitenervo.fr\/wp-content\/uploads\/2021\/10\/banclocal-scaled.jpg\"><img loading=\"lazy\" decoding=\"async\" aria-describedby=\"caption-attachment-7830\" class=\"size-thumbnail wp-image-7830\" src=\"https:\/\/www.comitenervo.fr\/wp-content\/uploads\/2021\/10\/banclocal-150x150.jpg\" alt=\"\" width=\"150\" height=\"150\"><\/a><p id=\"caption-attachment-7830\" class=\"wp-caption-text\">Banc au local.<\/p><\/div>\n<div id=\"attachment_7831\" style=\"width: 160px\" class=\"wp-caption alignleft\"><a href=\"https:\/\/www.comitenervo.fr\/wp-content\/uploads\/2021\/10\/panlocal-scaled.jpg\"><img loading=\"lazy\" decoding=\"async\" aria-describedby=\"caption-attachment-7831\" class=\"size-thumbnail wp-image-7831\" src=\"https:\/\/www.comitenervo.fr\/wp-content\/uploads\/2021\/10\/panlocal-150x150.jpg\" alt=\"\" width=\"150\" height=\"150\"><\/a><p id=\"caption-attachment-7831\" class=\"wp-caption-text\">Panneau devant le local.<\/p><\/div>\n<div id=\"attachment_7832\" style=\"width: 160px\" class=\"wp-caption aligncenter\"><a href=\"https:\/\/www.comitenervo.fr\/wp-content\/uploads\/2021\/10\/pankouba-scaled.jpg\"><img loading=\"lazy\" decoding=\"async\" aria-describedby=\"caption-attachment-7832\" class=\"size-thumbnail wp-image-7832\" src=\"https:\/\/www.comitenervo.fr\/wp-content\/uploads\/2021\/10\/pankouba-150x150.jpg\" alt=\"\" width=\"150\" height=\"150\"><\/a><p id=\"caption-attachment-7832\" class=\"wp-caption-text\">A l&rsquo;entr\u00e9e de la cit\u00e9.&nbsp; &nbsp;&nbsp;<\/p><\/div>\n<div id=\"attachment_7833\" style=\"width: 160px\" class=\"wp-caption alignleft\"><a href=\"https:\/\/www.comitenervo.fr\/wp-content\/uploads\/2021\/10\/panreajord-scaled.jpg\"><img loading=\"lazy\" decoding=\"async\" aria-describedby=\"caption-attachment-7833\" class=\"size-thumbnail wp-image-7833\" src=\"https:\/\/www.comitenervo.fr\/wp-content\/uploads\/2021\/10\/panreajord-150x150.jpg\" alt=\"\" width=\"150\" height=\"150\"><\/a><p id=\"caption-attachment-7833\" class=\"wp-caption-text\">A l&rsquo;angle Jordan-R\u00e9aumur.<\/p><\/div>\n<p>&nbsp;<\/p>\n<p>&nbsp;<\/p>\n","protected":false},"excerpt":{"rendered":"<p>Mis en place par la municipalit\u00e9 et dans le cadre du F.T.U (fonds de travaux urbains), des \u00e9quipements ont \u00e9t\u00e9 pos\u00e9s dans le quartier. Trois panneaux d&rsquo;affichage : \u00e0 l&rsquo;angle des&nbsp; all\u00e9es&nbsp; R\u00e9aumur et Jordan, au local associatif, et enfin &hellip; <a href=\"https:\/\/www.comitenervo.fr\/?p=7829\">Continuer la lecture <span class=\"meta-nav\">&rarr;<\/span><\/a><\/p>\n","protected":false},"author":2,"featured_media":0,"comment_status":"open","ping_status":"open","sticky":false,"template":"","format":"standard","meta":{"_monsterinsights_skip_tracking":false,"_monsterinsights_sitenote_active":false,"_monsterinsights_sitenote_note":"","_monsterinsights_sitenote_category":0,"ngg_post_thumbnail":0,"footnotes":""},"categories":[12,6],"tags":[],"class_list":["post-7829","post","type-post","status-publish","format-standard","hentry","category-local-de-la-cite","category-vie-de-la-cite"],"_links":{"self":[{"href":"https:\/\/www.comitenervo.fr\/index.php?rest_route=\/wp\/v2\/posts\/7829","targetHints":{"allow":["GET"]}}],"collection":[{"href":"https:\/\/www.comitenervo.fr\/index.php?rest_route=\/wp\/v2\/posts"}],"about":[{"href":"https:\/\/www.comitenervo.fr\/index.php?rest_route=\/wp\/v2\/types\/post"}],"author":[{"embeddable":true,"href":"https:\/\/www.comitenervo.fr\/index.php?rest_route=\/wp\/v2\/users\/2"}],"replies":[{"embeddable":true,"href":"https:\/\/www.comitenervo.fr\/index.php?rest_route=%2Fwp%2Fv2%2Fcomments&post=7829"}],"version-history":[{"count":2,"href":"https:\/\/www.comitenervo.fr\/index.php?rest_route=\/wp\/v2\/posts\/7829\/revisions"}],"predecessor-version":[{"id":7835,"href":"https:\/\/www.comitenervo.fr\/index.php?rest_route=\/wp\/v2\/posts\/7829\/revisions\/7835"}],"wp:attachment":[{"href":"https:\/\/www.comitenervo.fr\/index.php?rest_route=%2Fwp%2Fv2%2Fmedia&parent=7829"}],"wp:term":[{"taxonomy":"category","embeddable":true,"href":"https:\/\/www.comitenervo.fr\/index.php?rest_route=%2Fwp%2Fv2%2Fcategories&post=7829"},{"taxonomy":"post_tag","embeddable":true,"href":"https:\/\/www.comitenervo.fr\/index.php?rest_route=%2Fwp%2Fv2%2Ftags&post=7829"}],"curies":[{"name":"wp","href":"https:\/\/api.w.org\/{rel}","templated":true}]}}