{"id":7824,"date":"2021-10-09T10:19:15","date_gmt":"2021-10-09T08:19:15","guid":{"rendered":"https:\/\/www.comitenervo.fr\/?p=7824"},"modified":"2022-07-05T09:46:42","modified_gmt":"2022-07-05T07:46:42","slug":"the-dansant","status":"publish","type":"post","link":"https:\/\/www.comitenervo.fr\/?p=7824","title":{"rendered":"THE DANSANT."},"content":{"rendered":"<p>Le comit\u00e9 Nervo organise son traditionnel th\u00e9 dansant le mercredi 24 novembre 2021 \u00e0 la salle de la Jeunesse d&rsquo;Escaudain;<\/p>\n<p>Ce th\u00e9 dansant sera anim\u00e9 par Salvatore et ses Wysards.<\/p>\n<p>En esp\u00e9rant un public nombreux !!!!!!!<\/p>\n<div id=\"attachment_7826\" style=\"width: 160px\" class=\"wp-caption alignright\"><a href=\"https:\/\/www.comitenervo.fr\/wp-content\/uploads\/2021\/10\/th\u00e9site.png\"><img loading=\"lazy\" decoding=\"async\" aria-describedby=\"caption-attachment-7826\" class=\"size-thumbnail wp-image-7826\" src=\"https:\/\/www.comitenervo.fr\/wp-content\/uploads\/2021\/10\/th\u00e9site-150x150.png\" alt=\"\" width=\"150\" height=\"150\"><\/a><p id=\"caption-attachment-7826\" class=\"wp-caption-text\">th\u00e9 dansant<\/p><\/div>\n<div id=\"attachment_7825\" style=\"width: 160px\" class=\"wp-caption alignleft\"><a href=\"https:\/\/www.comitenervo.fr\/wp-content\/uploads\/2021\/10\/inssite.png\"><img loading=\"lazy\" decoding=\"async\" aria-describedby=\"caption-attachment-7825\" class=\"size-thumbnail wp-image-7825\" src=\"https:\/\/www.comitenervo.fr\/wp-content\/uploads\/2021\/10\/inssite-150x150.png\" alt=\"\" width=\"150\" height=\"150\"><\/a><p id=\"caption-attachment-7825\" class=\"wp-caption-text\">inscription.<\/p><\/div>\n","protected":false},"excerpt":{"rendered":"<p>Le comit\u00e9 Nervo organise son traditionnel th\u00e9 dansant le mercredi 24 novembre 2021 \u00e0 la salle de la Jeunesse d&rsquo;Escaudain; Ce th\u00e9 dansant sera anim\u00e9 par Salvatore et ses Wysards. En esp\u00e9rant un public nombreux !!!!!!!<\/p>\n","protected":false},"author":2,"featured_media":0,"comment_status":"open","ping_status":"open","sticky":false,"template":"","format":"standard","meta":{"_monsterinsights_skip_tracking":false,"_monsterinsights_sitenote_active":false,"_monsterinsights_sitenote_note":"","_monsterinsights_sitenote_category":0,"ngg_post_thumbnail":0,"footnotes":""},"categories":[7,9],"tags":[],"class_list":["post-7824","post","type-post","status-publish","format-standard","hentry","category-anciens-de-la-cite","category-evenement"],"_links":{"self":[{"href":"https:\/\/www.comitenervo.fr\/index.php?rest_route=\/wp\/v2\/posts\/7824","targetHints":{"allow":["GET"]}}],"collection":[{"href":"https:\/\/www.comitenervo.fr\/index.php?rest_route=\/wp\/v2\/posts"}],"about":[{"href":"https:\/\/www.comitenervo.fr\/index.php?rest_route=\/wp\/v2\/types\/post"}],"author":[{"embeddable":true,"href":"https:\/\/www.comitenervo.fr\/index.php?rest_route=\/wp\/v2\/users\/2"}],"replies":[{"embeddable":true,"href":"https:\/\/www.comitenervo.fr\/index.php?rest_route=%2Fwp%2Fv2%2Fcomments&post=7824"}],"version-history":[{"count":1,"href":"https:\/\/www.comitenervo.fr\/index.php?rest_route=\/wp\/v2\/posts\/7824\/revisions"}],"predecessor-version":[{"id":7827,"href":"https:\/\/www.comitenervo.fr\/index.php?rest_route=\/wp\/v2\/posts\/7824\/revisions\/7827"}],"wp:attachment":[{"href":"https:\/\/www.comitenervo.fr\/index.php?rest_route=%2Fwp%2Fv2%2Fmedia&parent=7824"}],"wp:term":[{"taxonomy":"category","embeddable":true,"href":"https:\/\/www.comitenervo.fr\/index.php?rest_route=%2Fwp%2Fv2%2Fcategories&post=7824"},{"taxonomy":"post_tag","embeddable":true,"href":"https:\/\/www.comitenervo.fr\/index.php?rest_route=%2Fwp%2Fv2%2Ftags&post=7824"}],"curies":[{"name":"wp","href":"https:\/\/api.w.org\/{rel}","templated":true}]}}