{"id":7815,"date":"2021-10-09T10:01:12","date_gmt":"2021-10-09T08:01:12","guid":{"rendered":"https:\/\/www.comitenervo.fr\/?p=7815"},"modified":"2022-07-05T09:46:34","modified_gmt":"2022-07-05T07:46:34","slug":"semaine-bleue","status":"publish","type":"post","link":"https:\/\/www.comitenervo.fr\/?p=7815","title":{"rendered":"SEMAINE BLEUE."},"content":{"rendered":"<p>Le comit\u00e9 Nervo a particip\u00e9 \u00e0 la manifestation organis\u00e9e \u00e0 la salle de la Jeunesse dans le cadre de \u00ab\u00a0la semaine bleue\u00a0\u00bb destin\u00e9e plus particuli\u00e8rement aux a\u00een\u00e9s.<\/p>\n<p>Michel Fontaine, Daniel Wuilbeaux, Cristel Degr\u00e9s et Daniel Zaich se sont relay\u00e9s derri\u00e8re le stand de la cit\u00e9 Nervo.<\/p>\n<p>Ils ont pr\u00e9sent\u00e9 les diverses activit\u00e9s d\u00e9di\u00e9es aux personnes \u00e2g\u00e9es du quartier.<\/p>\n<p>Des animations ( chanteurs, country) avaient \u00e9t\u00e9 propos\u00e9es par les organisateurs dans l&rsquo;apr\u00e8s-midi.<\/p>\n<div id=\"attachment_7816\" style=\"width: 310px\" class=\"wp-caption alignleft\"><a href=\"https:\/\/www.comitenervo.fr\/wp-content\/uploads\/2021\/10\/michel-semaineb-scaled.jpg\"><img loading=\"lazy\" decoding=\"async\" aria-describedby=\"caption-attachment-7816\" class=\"size-medium wp-image-7816\" src=\"https:\/\/www.comitenervo.fr\/wp-content\/uploads\/2021\/10\/michel-semaineb-300x225.jpg\" alt=\"\" width=\"300\" height=\"225\" srcset=\"https:\/\/www.comitenervo.fr\/wp-content\/uploads\/2021\/10\/michel-semaineb-300x225.jpg 300w, https:\/\/www.comitenervo.fr\/wp-content\/uploads\/2021\/10\/michel-semaineb-1024x768.jpg 1024w, https:\/\/www.comitenervo.fr\/wp-content\/uploads\/2021\/10\/michel-semaineb-768x576.jpg 768w, https:\/\/www.comitenervo.fr\/wp-content\/uploads\/2021\/10\/michel-semaineb-1536x1152.jpg 1536w, https:\/\/www.comitenervo.fr\/wp-content\/uploads\/2021\/10\/michel-semaineb-2048x1536.jpg 2048w, https:\/\/www.comitenervo.fr\/wp-content\/uploads\/2021\/10\/michel-semaineb-400x300.jpg 400w\" sizes=\"auto, (max-width: 300px) 100vw, 300px\" \/><\/a><p id=\"caption-attachment-7816\" class=\"wp-caption-text\">Michel Fontaine.<\/p><\/div>\n<div id=\"attachment_7817\" style=\"width: 310px\" class=\"wp-caption alignright\"><a href=\"https:\/\/www.comitenervo.fr\/wp-content\/uploads\/2021\/10\/semaine-bleue-scaled.jpg\"><img loading=\"lazy\" decoding=\"async\" aria-describedby=\"caption-attachment-7817\" class=\"size-medium wp-image-7817\" src=\"https:\/\/www.comitenervo.fr\/wp-content\/uploads\/2021\/10\/semaine-bleue-300x225.jpg\" alt=\"\" width=\"300\" height=\"225\" srcset=\"https:\/\/www.comitenervo.fr\/wp-content\/uploads\/2021\/10\/semaine-bleue-300x225.jpg 300w, https:\/\/www.comitenervo.fr\/wp-content\/uploads\/2021\/10\/semaine-bleue-1024x768.jpg 1024w, https:\/\/www.comitenervo.fr\/wp-content\/uploads\/2021\/10\/semaine-bleue-768x576.jpg 768w, https:\/\/www.comitenervo.fr\/wp-content\/uploads\/2021\/10\/semaine-bleue-1536x1152.jpg 1536w, https:\/\/www.comitenervo.fr\/wp-content\/uploads\/2021\/10\/semaine-bleue-2048x1536.jpg 2048w, https:\/\/www.comitenervo.fr\/wp-content\/uploads\/2021\/10\/semaine-bleue-400x300.jpg 400w\" sizes=\"auto, (max-width: 300px) 100vw, 300px\" \/><\/a><p id=\"caption-attachment-7817\" class=\"wp-caption-text\">Pendant les animations.<\/p><\/div>\n<p>.<\/p>\n","protected":false},"excerpt":{"rendered":"<p>Le comit\u00e9 Nervo a particip\u00e9 \u00e0 la manifestation organis\u00e9e \u00e0 la salle de la Jeunesse dans le cadre de \u00ab\u00a0la semaine bleue\u00a0\u00bb destin\u00e9e plus particuli\u00e8rement aux a\u00een\u00e9s. Michel Fontaine, Daniel Wuilbeaux, Cristel Degr\u00e9s et Daniel Zaich se sont relay\u00e9s derri\u00e8re &hellip; <a href=\"https:\/\/www.comitenervo.fr\/?p=7815\">Continuer la lecture <span class=\"meta-nav\">&rarr;<\/span><\/a><\/p>\n","protected":false},"author":2,"featured_media":0,"comment_status":"open","ping_status":"open","sticky":false,"template":"","format":"standard","meta":{"_monsterinsights_skip_tracking":false,"_monsterinsights_sitenote_active":false,"_monsterinsights_sitenote_note":"","_monsterinsights_sitenote_category":0,"ngg_post_thumbnail":0,"footnotes":""},"categories":[9],"tags":[],"class_list":["post-7815","post","type-post","status-publish","format-standard","hentry","category-evenement"],"_links":{"self":[{"href":"https:\/\/www.comitenervo.fr\/index.php?rest_route=\/wp\/v2\/posts\/7815","targetHints":{"allow":["GET"]}}],"collection":[{"href":"https:\/\/www.comitenervo.fr\/index.php?rest_route=\/wp\/v2\/posts"}],"about":[{"href":"https:\/\/www.comitenervo.fr\/index.php?rest_route=\/wp\/v2\/types\/post"}],"author":[{"embeddable":true,"href":"https:\/\/www.comitenervo.fr\/index.php?rest_route=\/wp\/v2\/users\/2"}],"replies":[{"embeddable":true,"href":"https:\/\/www.comitenervo.fr\/index.php?rest_route=%2Fwp%2Fv2%2Fcomments&post=7815"}],"version-history":[{"count":1,"href":"https:\/\/www.comitenervo.fr\/index.php?rest_route=\/wp\/v2\/posts\/7815\/revisions"}],"predecessor-version":[{"id":7818,"href":"https:\/\/www.comitenervo.fr\/index.php?rest_route=\/wp\/v2\/posts\/7815\/revisions\/7818"}],"wp:attachment":[{"href":"https:\/\/www.comitenervo.fr\/index.php?rest_route=%2Fwp%2Fv2%2Fmedia&parent=7815"}],"wp:term":[{"taxonomy":"category","embeddable":true,"href":"https:\/\/www.comitenervo.fr\/index.php?rest_route=%2Fwp%2Fv2%2Fcategories&post=7815"},{"taxonomy":"post_tag","embeddable":true,"href":"https:\/\/www.comitenervo.fr\/index.php?rest_route=%2Fwp%2Fv2%2Ftags&post=7815"}],"curies":[{"name":"wp","href":"https:\/\/api.w.org\/{rel}","templated":true}]}}