{"id":7809,"date":"2021-09-18T09:31:44","date_gmt":"2021-09-18T07:31:44","guid":{"rendered":"https:\/\/www.comitenervo.fr\/?p=7809"},"modified":"2022-07-05T09:42:20","modified_gmt":"2022-07-05T07:42:20","slug":"bonne-retraite-gerard","status":"publish","type":"post","link":"https:\/\/www.comitenervo.fr\/?p=7809","title":{"rendered":"BONNE RETRAITE GERARD."},"content":{"rendered":"<p>Un de plus !!!.<\/p>\n<p>En effet, le comit\u00e9 Nervo compte un retrait\u00e9 de plus , en la personne du sympathique G\u00e9rard Milli\u00e9.<\/p>\n<p>Discret mais toujours pr\u00e9sent G\u00e9rard est le parfait type du b\u00e9n\u00e9vole mod\u00e8le: c&rsquo;est lui ,avec Raymond Lh\u00e9risson qui a mis en couleur l&rsquo;ext\u00e9rieur et les pi\u00e8ces du local associatif.<\/p>\n<p>Nous sommes persuad\u00e9s que l&rsquo;on verra <em>encore plus souvent<\/em> G\u00e9rard au local.<\/p>\n<div id=\"attachment_7810\" style=\"width: 310px\" class=\"wp-caption aligncenter\"><a href=\"https:\/\/www.comitenervo.fr\/wp-content\/uploads\/2021\/09\/IMG_3206-Copie-scaled.jpeg\"><img loading=\"lazy\" decoding=\"async\" aria-describedby=\"caption-attachment-7810\" class=\"size-medium wp-image-7810\" src=\"https:\/\/www.comitenervo.fr\/wp-content\/uploads\/2021\/09\/IMG_3206-Copie-300x225.jpeg\" alt=\"\" width=\"300\" height=\"225\" srcset=\"https:\/\/www.comitenervo.fr\/wp-content\/uploads\/2021\/09\/IMG_3206-Copie-300x225.jpeg 300w, https:\/\/www.comitenervo.fr\/wp-content\/uploads\/2021\/09\/IMG_3206-Copie-1024x768.jpeg 1024w, https:\/\/www.comitenervo.fr\/wp-content\/uploads\/2021\/09\/IMG_3206-Copie-768x576.jpeg 768w, https:\/\/www.comitenervo.fr\/wp-content\/uploads\/2021\/09\/IMG_3206-Copie-1536x1152.jpeg 1536w, https:\/\/www.comitenervo.fr\/wp-content\/uploads\/2021\/09\/IMG_3206-Copie-2048x1536.jpeg 2048w, https:\/\/www.comitenervo.fr\/wp-content\/uploads\/2021\/09\/IMG_3206-Copie-400x300.jpeg 400w\" sizes=\"auto, (max-width: 300px) 100vw, 300px\" \/><\/a><p id=\"caption-attachment-7810\" class=\"wp-caption-text\">G\u00e9rard Milli\u00e9 avec Daniel Wuilbeaux<\/p><\/div>\n<p>Bonne retraite G\u00e9rard.<\/p>\n","protected":false},"excerpt":{"rendered":"<p>Un de plus !!!. En effet, le comit\u00e9 Nervo compte un retrait\u00e9 de plus , en la personne du sympathique G\u00e9rard Milli\u00e9. Discret mais toujours pr\u00e9sent G\u00e9rard est le parfait type du b\u00e9n\u00e9vole mod\u00e8le: c&rsquo;est lui ,avec Raymond Lh\u00e9risson qui &hellip; <a href=\"https:\/\/www.comitenervo.fr\/?p=7809\">Continuer la lecture <span class=\"meta-nav\">&rarr;<\/span><\/a><\/p>\n","protected":false},"author":2,"featured_media":0,"comment_status":"open","ping_status":"open","sticky":false,"template":"","format":"standard","meta":{"_monsterinsights_skip_tracking":false,"_monsterinsights_sitenote_active":false,"_monsterinsights_sitenote_note":"","_monsterinsights_sitenote_category":0,"ngg_post_thumbnail":0,"footnotes":""},"categories":[10,6],"tags":[],"class_list":["post-7809","post","type-post","status-publish","format-standard","hentry","category-portrait","category-vie-de-la-cite"],"_links":{"self":[{"href":"https:\/\/www.comitenervo.fr\/index.php?rest_route=\/wp\/v2\/posts\/7809","targetHints":{"allow":["GET"]}}],"collection":[{"href":"https:\/\/www.comitenervo.fr\/index.php?rest_route=\/wp\/v2\/posts"}],"about":[{"href":"https:\/\/www.comitenervo.fr\/index.php?rest_route=\/wp\/v2\/types\/post"}],"author":[{"embeddable":true,"href":"https:\/\/www.comitenervo.fr\/index.php?rest_route=\/wp\/v2\/users\/2"}],"replies":[{"embeddable":true,"href":"https:\/\/www.comitenervo.fr\/index.php?rest_route=%2Fwp%2Fv2%2Fcomments&post=7809"}],"version-history":[{"count":1,"href":"https:\/\/www.comitenervo.fr\/index.php?rest_route=\/wp\/v2\/posts\/7809\/revisions"}],"predecessor-version":[{"id":7811,"href":"https:\/\/www.comitenervo.fr\/index.php?rest_route=\/wp\/v2\/posts\/7809\/revisions\/7811"}],"wp:attachment":[{"href":"https:\/\/www.comitenervo.fr\/index.php?rest_route=%2Fwp%2Fv2%2Fmedia&parent=7809"}],"wp:term":[{"taxonomy":"category","embeddable":true,"href":"https:\/\/www.comitenervo.fr\/index.php?rest_route=%2Fwp%2Fv2%2Fcategories&post=7809"},{"taxonomy":"post_tag","embeddable":true,"href":"https:\/\/www.comitenervo.fr\/index.php?rest_route=%2Fwp%2Fv2%2Ftags&post=7809"}],"curies":[{"name":"wp","href":"https:\/\/api.w.org\/{rel}","templated":true}]}}