{"id":7801,"date":"2021-08-27T10:17:24","date_gmt":"2021-08-27T08:17:24","guid":{"rendered":"https:\/\/www.comitenervo.fr\/?p=7801"},"modified":"2022-07-05T09:42:12","modified_gmt":"2022-07-05T07:42:12","slug":"belle-journee-a-st-valery","status":"publish","type":"post","link":"https:\/\/www.comitenervo.fr\/?p=7801","title":{"rendered":"BELLE JOURNEE A ST.VALERY."},"content":{"rendered":"<p>Moins nombreux que d&rsquo;habitude, les participants \u00e0 l&rsquo;excursion ont particuli\u00e8rement appr\u00e9ci\u00e9 leur journ\u00e9e \u00e0 ST.Val\u00e9ry.<\/p>\n<p>Une visite de la c\u00f4te entre Le Crotoy et ST Val\u00e9ry ,en train touristique le matin , et l&rsquo;apr\u00e8s midi libre dans le cadre des festivit\u00e9s d\u00e9di\u00e9es \u00e0 la p\u00eache.<\/p>\n<p>Remerciements&nbsp; \u00e0 Jean-Michel le chauffeur qui a&nbsp; \u00e9galement servi de guide&nbsp; \u00e9clair\u00e9 !!!<\/p>\n<p>Faute d&rsquo;inscriptions suffisantes, l&rsquo;excursion au parc Ast\u00e9rix a \u00e9t\u00e9 annul\u00e9e;<\/p>\n<p>En septembre, si les conditions sanitaires \u00e9voluent favorablement, des voyages \u00e0 Pairi-Daiza et Ast\u00e9rix pourraient \u00eatre programm\u00e9s.<a href=\"https:\/\/www.comitenervo.fr\/wp-content\/uploads\/2021\/08\/stvalery-retour-scaled.jpg\"><img loading=\"lazy\" decoding=\"async\" class=\"alignright size-thumbnail wp-image-7802\" src=\"https:\/\/www.comitenervo.fr\/wp-content\/uploads\/2021\/08\/stvalery-retour-150x150.jpg\" alt=\"\" width=\"150\" height=\"150\"><\/a><a href=\"https:\/\/www.comitenervo.fr\/wp-content\/uploads\/2021\/08\/train-st-valery.jpg\"><img loading=\"lazy\" decoding=\"async\" class=\"aligncenter size-thumbnail wp-image-7803\" src=\"https:\/\/www.comitenervo.fr\/wp-content\/uploads\/2021\/08\/train-st-valery-150x150.jpg\" alt=\"\" width=\"150\" height=\"150\"><\/a><a href=\"https:\/\/www.comitenervo.fr\/wp-content\/uploads\/2021\/08\/stval1.jpg\"><img loading=\"lazy\" decoding=\"async\" class=\"alignleft size-thumbnail wp-image-7804\" src=\"https:\/\/www.comitenervo.fr\/wp-content\/uploads\/2021\/08\/stval1-150x150.jpg\" alt=\"\" width=\"150\" height=\"150\"><\/a><a href=\"https:\/\/www.comitenervo.fr\/wp-content\/uploads\/2021\/08\/stval2.jpg\"><img loading=\"lazy\" decoding=\"async\" class=\"alignright size-thumbnail wp-image-7805\" src=\"https:\/\/www.comitenervo.fr\/wp-content\/uploads\/2021\/08\/stval2-150x150.jpg\" alt=\"\" width=\"150\" height=\"150\"><\/a>&nbsp;&nbsp;<\/p>\n<p>&nbsp;<\/p>\n","protected":false},"excerpt":{"rendered":"<p>Moins nombreux que d&rsquo;habitude, les participants \u00e0 l&rsquo;excursion ont particuli\u00e8rement appr\u00e9ci\u00e9 leur journ\u00e9e \u00e0 ST.Val\u00e9ry. Une visite de la c\u00f4te entre Le Crotoy et ST Val\u00e9ry ,en train touristique le matin , et l&rsquo;apr\u00e8s midi libre dans le cadre des &hellip; <a href=\"https:\/\/www.comitenervo.fr\/?p=7801\">Continuer la lecture <span class=\"meta-nav\">&rarr;<\/span><\/a><\/p>\n","protected":false},"author":2,"featured_media":0,"comment_status":"open","ping_status":"open","sticky":false,"template":"","format":"standard","meta":{"_monsterinsights_skip_tracking":false,"_monsterinsights_sitenote_active":false,"_monsterinsights_sitenote_note":"","_monsterinsights_sitenote_category":0,"ngg_post_thumbnail":0,"footnotes":""},"categories":[9,8],"tags":[],"class_list":["post-7801","post","type-post","status-publish","format-standard","hentry","category-evenement","category-voyage"],"_links":{"self":[{"href":"https:\/\/www.comitenervo.fr\/index.php?rest_route=\/wp\/v2\/posts\/7801","targetHints":{"allow":["GET"]}}],"collection":[{"href":"https:\/\/www.comitenervo.fr\/index.php?rest_route=\/wp\/v2\/posts"}],"about":[{"href":"https:\/\/www.comitenervo.fr\/index.php?rest_route=\/wp\/v2\/types\/post"}],"author":[{"embeddable":true,"href":"https:\/\/www.comitenervo.fr\/index.php?rest_route=\/wp\/v2\/users\/2"}],"replies":[{"embeddable":true,"href":"https:\/\/www.comitenervo.fr\/index.php?rest_route=%2Fwp%2Fv2%2Fcomments&post=7801"}],"version-history":[{"count":2,"href":"https:\/\/www.comitenervo.fr\/index.php?rest_route=\/wp\/v2\/posts\/7801\/revisions"}],"predecessor-version":[{"id":7807,"href":"https:\/\/www.comitenervo.fr\/index.php?rest_route=\/wp\/v2\/posts\/7801\/revisions\/7807"}],"wp:attachment":[{"href":"https:\/\/www.comitenervo.fr\/index.php?rest_route=%2Fwp%2Fv2%2Fmedia&parent=7801"}],"wp:term":[{"taxonomy":"category","embeddable":true,"href":"https:\/\/www.comitenervo.fr\/index.php?rest_route=%2Fwp%2Fv2%2Fcategories&post=7801"},{"taxonomy":"post_tag","embeddable":true,"href":"https:\/\/www.comitenervo.fr\/index.php?rest_route=%2Fwp%2Fv2%2Ftags&post=7801"}],"curies":[{"name":"wp","href":"https:\/\/api.w.org\/{rel}","templated":true}]}}