{"id":7789,"date":"2021-08-08T08:45:51","date_gmt":"2021-08-08T06:45:51","guid":{"rendered":"https:\/\/www.comitenervo.fr\/?p=7789"},"modified":"2022-07-05T09:42:05","modified_gmt":"2022-07-05T07:42:05","slug":"repas-a-latelier-cuisine","status":"publish","type":"post","link":"https:\/\/www.comitenervo.fr\/?p=7789","title":{"rendered":"REPAS A L&rsquo;ATELIER CUISINE"},"content":{"rendered":"<p>Comme avant ou enfin presque.<\/p>\n<p>Le traditionnel repas mensuel a eu lieu ce mercredi 4 ao\u00fbt au local associatif.<\/p>\n<p>Peut-\u00eatre un peu moins de monde, mais toujours une tr\u00e8s bonne ambiance et \u00e9galement un tr\u00e8s bon repas !!!!!!!!<\/p>\n<p><a href=\"https:\/\/www.comitenervo.fr\/wp-content\/uploads\/2021\/08\/photos-cuisine4-scaled.jpg\"><img loading=\"lazy\" decoding=\"async\" class=\"aligncenter size-thumbnail wp-image-7791\" src=\"https:\/\/www.comitenervo.fr\/wp-content\/uploads\/2021\/08\/photos-cuisine4-150x150.jpg\" alt=\"\" width=\"150\" height=\"150\"><\/a><a href=\"https:\/\/www.comitenervo.fr\/wp-content\/uploads\/2021\/08\/cuisine6-scaled.jpg\"><img loading=\"lazy\" decoding=\"async\" class=\"alignright size-thumbnail wp-image-7792\" src=\"https:\/\/www.comitenervo.fr\/wp-content\/uploads\/2021\/08\/cuisine6-150x150.jpg\" alt=\"\" width=\"150\" height=\"150\"><\/a><a href=\"https:\/\/www.comitenervo.fr\/wp-content\/uploads\/2021\/08\/cuisine7-scaled.jpg\"><img loading=\"lazy\" decoding=\"async\" class=\"aligncenter size-thumbnail wp-image-7793\" src=\"https:\/\/www.comitenervo.fr\/wp-content\/uploads\/2021\/08\/cuisine7-150x150.jpg\" alt=\"\" width=\"150\" height=\"150\"><\/a><a href=\"https:\/\/www.comitenervo.fr\/wp-content\/uploads\/2021\/08\/cuisine5-scaled.jpg\"><img loading=\"lazy\" decoding=\"async\" class=\"alignright size-thumbnail wp-image-7796\" src=\"https:\/\/www.comitenervo.fr\/wp-content\/uploads\/2021\/08\/cuisine5-150x150.jpg\" alt=\"\" width=\"150\" height=\"150\"><\/a><a href=\"https:\/\/www.comitenervo.fr\/wp-content\/uploads\/2021\/08\/photos-cuisine2-scaled.jpg\"><img loading=\"lazy\" decoding=\"async\" class=\"alignleft size-thumbnail wp-image-7790\" src=\"https:\/\/www.comitenervo.fr\/wp-content\/uploads\/2021\/08\/photos-cuisine2-150x150.jpg\" alt=\"\" width=\"150\" height=\"150\"><\/a><\/p>\n","protected":false},"excerpt":{"rendered":"<p>Comme avant ou enfin presque. Le traditionnel repas mensuel a eu lieu ce mercredi 4 ao\u00fbt au local associatif. Peut-\u00eatre un peu moins de monde, mais toujours une tr\u00e8s bonne ambiance et \u00e9galement un tr\u00e8s bon repas !!!!!!!!<\/p>\n","protected":false},"author":2,"featured_media":0,"comment_status":"open","ping_status":"open","sticky":false,"template":"","format":"standard","meta":{"_monsterinsights_skip_tracking":false,"_monsterinsights_sitenote_active":false,"_monsterinsights_sitenote_note":"","_monsterinsights_sitenote_category":0,"ngg_post_thumbnail":0,"footnotes":""},"categories":[9,12,6],"tags":[],"class_list":["post-7789","post","type-post","status-publish","format-standard","hentry","category-evenement","category-local-de-la-cite","category-vie-de-la-cite"],"_links":{"self":[{"href":"https:\/\/www.comitenervo.fr\/index.php?rest_route=\/wp\/v2\/posts\/7789","targetHints":{"allow":["GET"]}}],"collection":[{"href":"https:\/\/www.comitenervo.fr\/index.php?rest_route=\/wp\/v2\/posts"}],"about":[{"href":"https:\/\/www.comitenervo.fr\/index.php?rest_route=\/wp\/v2\/types\/post"}],"author":[{"embeddable":true,"href":"https:\/\/www.comitenervo.fr\/index.php?rest_route=\/wp\/v2\/users\/2"}],"replies":[{"embeddable":true,"href":"https:\/\/www.comitenervo.fr\/index.php?rest_route=%2Fwp%2Fv2%2Fcomments&post=7789"}],"version-history":[{"count":2,"href":"https:\/\/www.comitenervo.fr\/index.php?rest_route=\/wp\/v2\/posts\/7789\/revisions"}],"predecessor-version":[{"id":7797,"href":"https:\/\/www.comitenervo.fr\/index.php?rest_route=\/wp\/v2\/posts\/7789\/revisions\/7797"}],"wp:attachment":[{"href":"https:\/\/www.comitenervo.fr\/index.php?rest_route=%2Fwp%2Fv2%2Fmedia&parent=7789"}],"wp:term":[{"taxonomy":"category","embeddable":true,"href":"https:\/\/www.comitenervo.fr\/index.php?rest_route=%2Fwp%2Fv2%2Fcategories&post=7789"},{"taxonomy":"post_tag","embeddable":true,"href":"https:\/\/www.comitenervo.fr\/index.php?rest_route=%2Fwp%2Fv2%2Ftags&post=7789"}],"curies":[{"name":"wp","href":"https:\/\/api.w.org\/{rel}","templated":true}]}}