{"id":7771,"date":"2021-06-25T18:13:10","date_gmt":"2021-06-25T16:13:10","guid":{"rendered":"https:\/\/www.comitenervo.fr\/?p=7771"},"modified":"2022-07-05T09:30:02","modified_gmt":"2022-07-05T07:30:02","slug":"accueil-mairie-au-local-associatif","status":"publish","type":"post","link":"https:\/\/www.comitenervo.fr\/?p=7771","title":{"rendered":"ACCUEIL-MAIRIE AU LOCAL ASSOCIATIF."},"content":{"rendered":"<p>A partir de ce&nbsp; mois de juin ,une permanence sera assur\u00e9e par Mr W\u00e9ry et un employ\u00e9 municipal afin d&rsquo;enregistrer les demandes , les remarques, des habitants du quartier.<\/p>\n<p>Pour cette premi\u00e8re permanence de 9h30 \u00e0 12h00,&nbsp; 5 personnes se sont pr\u00e9sent\u00e9es .<\/p>\n<p>Prochains&nbsp; rendez-vous:&nbsp; le 28&nbsp; Septembre<\/p>\n<p>&nbsp; &nbsp; &nbsp; &nbsp; &nbsp; &nbsp; &nbsp; &nbsp; &nbsp; &nbsp; &nbsp; &nbsp; &nbsp; &nbsp; &nbsp; &nbsp; &nbsp; &nbsp; &nbsp; &nbsp; &nbsp; le 29 Octobre&nbsp; &nbsp;.<\/p>\n<p>&nbsp; &nbsp; &nbsp; &nbsp; &nbsp; &nbsp; &nbsp; &nbsp; &nbsp; &nbsp; &nbsp; &nbsp; &nbsp; &nbsp; &nbsp; &nbsp; &nbsp; &nbsp; &nbsp; &nbsp; &nbsp; le 30 Novembre<\/p>\n<p>&nbsp; &nbsp; &nbsp; &nbsp; &nbsp; &nbsp; &nbsp; &nbsp; &nbsp; &nbsp; &nbsp; &nbsp; &nbsp; &nbsp; &nbsp; &nbsp; &nbsp; &nbsp; &nbsp; &nbsp; &nbsp;le 28 D\u00e9cembre&nbsp; &nbsp; &nbsp;<\/p>\n<div id=\"attachment_7772\" style=\"width: 310px\" class=\"wp-caption aligncenter\"><a href=\"https:\/\/www.comitenervo.fr\/wp-content\/uploads\/2021\/06\/WERY-scaled.jpg\"><img loading=\"lazy\" decoding=\"async\" aria-describedby=\"caption-attachment-7772\" class=\"size-medium wp-image-7772\" src=\"https:\/\/www.comitenervo.fr\/wp-content\/uploads\/2021\/06\/WERY-300x225.jpg\" alt=\"\" width=\"300\" height=\"225\" srcset=\"https:\/\/www.comitenervo.fr\/wp-content\/uploads\/2021\/06\/WERY-300x225.jpg 300w, https:\/\/www.comitenervo.fr\/wp-content\/uploads\/2021\/06\/WERY-1024x768.jpg 1024w, https:\/\/www.comitenervo.fr\/wp-content\/uploads\/2021\/06\/WERY-768x576.jpg 768w, https:\/\/www.comitenervo.fr\/wp-content\/uploads\/2021\/06\/WERY-1536x1152.jpg 1536w, https:\/\/www.comitenervo.fr\/wp-content\/uploads\/2021\/06\/WERY-2048x1536.jpg 2048w, https:\/\/www.comitenervo.fr\/wp-content\/uploads\/2021\/06\/WERY-400x300.jpg 400w\" sizes=\"auto, (max-width: 300px) 100vw, 300px\" \/><\/a><p id=\"caption-attachment-7772\" class=\"wp-caption-text\">Mme Lebrecht et Mr W\u00e9ry.<\/p><\/div>\n<p>&nbsp;<\/p>\n","protected":false},"excerpt":{"rendered":"<p>A partir de ce&nbsp; mois de juin ,une permanence sera assur\u00e9e par Mr W\u00e9ry et un employ\u00e9 municipal afin d&rsquo;enregistrer les demandes , les remarques, des habitants du quartier. Pour cette premi\u00e8re permanence de 9h30 \u00e0 12h00,&nbsp; 5 personnes se &hellip; <a href=\"https:\/\/www.comitenervo.fr\/?p=7771\">Continuer la lecture <span class=\"meta-nav\">&rarr;<\/span><\/a><\/p>\n","protected":false},"author":2,"featured_media":0,"comment_status":"open","ping_status":"open","sticky":false,"template":"","format":"standard","meta":{"_monsterinsights_skip_tracking":false,"_monsterinsights_sitenote_active":false,"_monsterinsights_sitenote_note":"","_monsterinsights_sitenote_category":0,"ngg_post_thumbnail":0,"footnotes":""},"categories":[12,6],"tags":[],"class_list":["post-7771","post","type-post","status-publish","format-standard","hentry","category-local-de-la-cite","category-vie-de-la-cite"],"_links":{"self":[{"href":"https:\/\/www.comitenervo.fr\/index.php?rest_route=\/wp\/v2\/posts\/7771","targetHints":{"allow":["GET"]}}],"collection":[{"href":"https:\/\/www.comitenervo.fr\/index.php?rest_route=\/wp\/v2\/posts"}],"about":[{"href":"https:\/\/www.comitenervo.fr\/index.php?rest_route=\/wp\/v2\/types\/post"}],"author":[{"embeddable":true,"href":"https:\/\/www.comitenervo.fr\/index.php?rest_route=\/wp\/v2\/users\/2"}],"replies":[{"embeddable":true,"href":"https:\/\/www.comitenervo.fr\/index.php?rest_route=%2Fwp%2Fv2%2Fcomments&post=7771"}],"version-history":[{"count":1,"href":"https:\/\/www.comitenervo.fr\/index.php?rest_route=\/wp\/v2\/posts\/7771\/revisions"}],"predecessor-version":[{"id":7773,"href":"https:\/\/www.comitenervo.fr\/index.php?rest_route=\/wp\/v2\/posts\/7771\/revisions\/7773"}],"wp:attachment":[{"href":"https:\/\/www.comitenervo.fr\/index.php?rest_route=%2Fwp%2Fv2%2Fmedia&parent=7771"}],"wp:term":[{"taxonomy":"category","embeddable":true,"href":"https:\/\/www.comitenervo.fr\/index.php?rest_route=%2Fwp%2Fv2%2Fcategories&post=7771"},{"taxonomy":"post_tag","embeddable":true,"href":"https:\/\/www.comitenervo.fr\/index.php?rest_route=%2Fwp%2Fv2%2Ftags&post=7771"}],"curies":[{"name":"wp","href":"https:\/\/api.w.org\/{rel}","templated":true}]}}