{"id":7765,"date":"2021-06-13T09:46:56","date_gmt":"2021-06-13T07:46:56","guid":{"rendered":"https:\/\/www.comitenervo.fr\/?p=7765"},"modified":"2022-07-05T09:29:53","modified_gmt":"2022-07-05T07:29:53","slug":"brocante-du-4-juillet-reportee","status":"publish","type":"post","link":"https:\/\/www.comitenervo.fr\/?p=7765","title":{"rendered":"BROCANTE du 4 JUILLET REPORTEE"},"content":{"rendered":"<p>La brocante qui devait avoir lieu le dimanche 4 juillet est report\u00e9e \u00e0 \u00a0\u00bb fin ao\u00fbt-d\u00e9but septembre\u00a0\u00bb.<\/p>\n<p>Les autorit\u00e9s n&rsquo;ont pas pu nous indiquer pr\u00e9cis\u00e9ment&nbsp;la r\u00e9glementation au 1er juillet concernant l&rsquo;organisation : nombre de vendeurs, espace entre les vendeurs, nombre de visiteurs, buvette, gestes barri\u00e8res, etc.\u2026.<\/p>\n<p>Afin de proposer une organisation coh\u00e9rente, il a \u00e9t\u00e9 d\u00e9cid\u00e9 de reporter cette brocante.<\/p>\n","protected":false},"excerpt":{"rendered":"<p>La brocante qui devait avoir lieu le dimanche 4 juillet est report\u00e9e \u00e0 \u00a0\u00bb fin ao\u00fbt-d\u00e9but septembre\u00a0\u00bb. Les autorit\u00e9s n&rsquo;ont pas pu nous indiquer pr\u00e9cis\u00e9ment&nbsp;la r\u00e9glementation au 1er juillet concernant l&rsquo;organisation : nombre de vendeurs, espace entre les vendeurs, nombre &hellip; <a href=\"https:\/\/www.comitenervo.fr\/?p=7765\">Continuer la lecture <span class=\"meta-nav\">&rarr;<\/span><\/a><\/p>\n","protected":false},"author":2,"featured_media":0,"comment_status":"open","ping_status":"open","sticky":false,"template":"","format":"standard","meta":{"_monsterinsights_skip_tracking":false,"_monsterinsights_sitenote_active":false,"_monsterinsights_sitenote_note":"","_monsterinsights_sitenote_category":0,"ngg_post_thumbnail":0,"footnotes":""},"categories":[9,6],"tags":[],"class_list":["post-7765","post","type-post","status-publish","format-standard","hentry","category-evenement","category-vie-de-la-cite"],"_links":{"self":[{"href":"https:\/\/www.comitenervo.fr\/index.php?rest_route=\/wp\/v2\/posts\/7765","targetHints":{"allow":["GET"]}}],"collection":[{"href":"https:\/\/www.comitenervo.fr\/index.php?rest_route=\/wp\/v2\/posts"}],"about":[{"href":"https:\/\/www.comitenervo.fr\/index.php?rest_route=\/wp\/v2\/types\/post"}],"author":[{"embeddable":true,"href":"https:\/\/www.comitenervo.fr\/index.php?rest_route=\/wp\/v2\/users\/2"}],"replies":[{"embeddable":true,"href":"https:\/\/www.comitenervo.fr\/index.php?rest_route=%2Fwp%2Fv2%2Fcomments&post=7765"}],"version-history":[{"count":2,"href":"https:\/\/www.comitenervo.fr\/index.php?rest_route=\/wp\/v2\/posts\/7765\/revisions"}],"predecessor-version":[{"id":7767,"href":"https:\/\/www.comitenervo.fr\/index.php?rest_route=\/wp\/v2\/posts\/7765\/revisions\/7767"}],"wp:attachment":[{"href":"https:\/\/www.comitenervo.fr\/index.php?rest_route=%2Fwp%2Fv2%2Fmedia&parent=7765"}],"wp:term":[{"taxonomy":"category","embeddable":true,"href":"https:\/\/www.comitenervo.fr\/index.php?rest_route=%2Fwp%2Fv2%2Fcategories&post=7765"},{"taxonomy":"post_tag","embeddable":true,"href":"https:\/\/www.comitenervo.fr\/index.php?rest_route=%2Fwp%2Fv2%2Ftags&post=7765"}],"curies":[{"name":"wp","href":"https:\/\/api.w.org\/{rel}","templated":true}]}}