{"id":7753,"date":"2021-05-30T10:06:33","date_gmt":"2021-05-30T08:06:33","guid":{"rendered":"https:\/\/www.comitenervo.fr\/?p=7753"},"modified":"2022-07-05T09:29:23","modified_gmt":"2022-07-05T07:29:23","slug":"quand-cest-bien","status":"publish","type":"post","link":"https:\/\/www.comitenervo.fr\/?p=7753","title":{"rendered":"QUAND C&rsquo;EST BIEN&#8230;&#8230;&#8230;&#8230;"},"content":{"rendered":"<p>Daniel Lefebvre, l&rsquo;ancien jardinier du comit\u00e9, avait des qualit\u00e9s ind\u00e9niables dans le domaine des l\u00e9gumes.<\/p>\n<p>Son successeur, Michel Fontaine, en poss\u00e8de \u00e9galement.<\/p>\n<p>La preuve, ces photos prises sous un chaud soleil (enfin), ce dimanche.<\/p>\n<p>Bravo Michel, et les radis c&rsquo;est pour quand ?.<\/p>\n<p><a href=\"https:\/\/www.comitenervo.fr\/wp-content\/uploads\/2021\/05\/jardin1-scaled.jpg\"><img loading=\"lazy\" decoding=\"async\" class=\"alignleft size-thumbnail wp-image-7754\" src=\"https:\/\/www.comitenervo.fr\/wp-content\/uploads\/2021\/05\/jardin1-150x150.jpg\" alt=\"C'est pas beau !!!!!!!\" width=\"150\" height=\"150\"><\/a><a href=\"https:\/\/www.comitenervo.fr\/wp-content\/uploads\/2021\/05\/jardin2-scaled.jpg\"><img loading=\"lazy\" decoding=\"async\" class=\"alignright size-thumbnail wp-image-7755\" src=\"https:\/\/www.comitenervo.fr\/wp-content\/uploads\/2021\/05\/jardin2-150x150.jpg\" alt=\"\" width=\"150\" height=\"150\"><\/a><\/p>\n","protected":false},"excerpt":{"rendered":"<p>Daniel Lefebvre, l&rsquo;ancien jardinier du comit\u00e9, avait des qualit\u00e9s ind\u00e9niables dans le domaine des l\u00e9gumes. Son successeur, Michel Fontaine, en poss\u00e8de \u00e9galement. La preuve, ces photos prises sous un chaud soleil (enfin), ce dimanche. Bravo Michel, et les radis c&rsquo;est &hellip; <a href=\"https:\/\/www.comitenervo.fr\/?p=7753\">Continuer la lecture <span class=\"meta-nav\">&rarr;<\/span><\/a><\/p>\n","protected":false},"author":2,"featured_media":0,"comment_status":"open","ping_status":"open","sticky":false,"template":"","format":"standard","meta":{"_monsterinsights_skip_tracking":false,"_monsterinsights_sitenote_active":false,"_monsterinsights_sitenote_note":"","_monsterinsights_sitenote_category":0,"ngg_post_thumbnail":0,"footnotes":""},"categories":[12,10,6],"tags":[],"class_list":["post-7753","post","type-post","status-publish","format-standard","hentry","category-local-de-la-cite","category-portrait","category-vie-de-la-cite"],"_links":{"self":[{"href":"https:\/\/www.comitenervo.fr\/index.php?rest_route=\/wp\/v2\/posts\/7753","targetHints":{"allow":["GET"]}}],"collection":[{"href":"https:\/\/www.comitenervo.fr\/index.php?rest_route=\/wp\/v2\/posts"}],"about":[{"href":"https:\/\/www.comitenervo.fr\/index.php?rest_route=\/wp\/v2\/types\/post"}],"author":[{"embeddable":true,"href":"https:\/\/www.comitenervo.fr\/index.php?rest_route=\/wp\/v2\/users\/2"}],"replies":[{"embeddable":true,"href":"https:\/\/www.comitenervo.fr\/index.php?rest_route=%2Fwp%2Fv2%2Fcomments&post=7753"}],"version-history":[{"count":1,"href":"https:\/\/www.comitenervo.fr\/index.php?rest_route=\/wp\/v2\/posts\/7753\/revisions"}],"predecessor-version":[{"id":7756,"href":"https:\/\/www.comitenervo.fr\/index.php?rest_route=\/wp\/v2\/posts\/7753\/revisions\/7756"}],"wp:attachment":[{"href":"https:\/\/www.comitenervo.fr\/index.php?rest_route=%2Fwp%2Fv2%2Fmedia&parent=7753"}],"wp:term":[{"taxonomy":"category","embeddable":true,"href":"https:\/\/www.comitenervo.fr\/index.php?rest_route=%2Fwp%2Fv2%2Fcategories&post=7753"},{"taxonomy":"post_tag","embeddable":true,"href":"https:\/\/www.comitenervo.fr\/index.php?rest_route=%2Fwp%2Fv2%2Ftags&post=7753"}],"curies":[{"name":"wp","href":"https:\/\/api.w.org\/{rel}","templated":true}]}}